{"id":963,"date":"2012-02-17T20:33:27","date_gmt":"2012-02-17T22:33:27","guid":{"rendered":"http:\/\/ultimato.com.br\/sites\/timcarriker\/?p=963"},"modified":"2012-03-14T22:34:44","modified_gmt":"2012-03-15T00:34:44","slug":"prezado-teofilo-lucas-1-1-2","status":"publish","type":"post","link":"https:\/\/ultimato.com.br\/sites\/timcarriker\/2012\/02\/17\/prezado-teofilo-lucas-1-1-2\/","title":{"rendered":"Estudar tamb\u00e9m \u00e9 crer"},"content":{"rendered":"<p>Semana 1: Lucas 1.1-2<\/p>\n<blockquote><p>Prezado Te\u00f3filo, Muitas pessoas t\u00eam <em>se esfor\u00e7ado para escrever<\/em> a hist\u00f3ria das coisas que aconteceram entre n\u00f3s. Elas <em>escreveram o que foi contado<\/em> por aqueles que viram essas coisas desde o come\u00e7o e anunciaram a mensagem do evangelho. Portanto, Excel\u00eancia, eu <em>estudei com todo o cuidado<\/em> como foi que essas coisas aconteceram desde o princ\u00edpio e achei que seria bom <em>escrever tudo em ordem<\/em> para o senhor, a fim de que o senhor pudesse conhecer toda a verdade sobre os ensinamentos que recebeu. (NTLH, \u00eanfase acrescentada)<\/p><\/blockquote>\n<p>Lucas <em>se esfor\u00e7ou<\/em>, sim. Era um verdadeiro <em>estudioso<\/em>. Examinou v\u00e1rias fontes (sabemos que utilizou os Evangelhos de Marcos e Mateus, mas havia bem mais). Ser um bom estudioso, um cuidadoso <em>pesquisador<\/em>, \u00e9 algo que hoje, infelizmente, tem pouco \u201cibope\u201d no meio evang\u00e9lico popular. <!--more-->Pastores e l\u00edderes promovem at\u00e9 mesmo certo desprezo. Como l\u00edderes, deveriam saber melhor. Durante anos escuto alguns dos meus colegas pregando do p\u00falpito algo assim:\u00a0\u201cesquecem das v\u00e1s teorias, importa mesmo a pr\u00e1tica da f\u00e9\u201d ou\u00a0\u201cn\u00e3o se preocupem com as coisas acad\u00eamicas (ou filos\u00f3ficas ou humanas), procurem a \u00fan\u00e7\u00e3o do Esp\u00edrito.\u201d E o que querem dizer \u00e9 que o estudo \u00e9 ruim e desnecess\u00e1rio, importa a vida interior ou a pr\u00e1tica da f\u00e9&#8230; como se pud\u00e9ssemos conhecer esta pr\u00e1tica ou interioridade \u00a0somente pelo cora\u00e7\u00e3o, <em>sem\u00a0a mente<\/em>. Gra\u00e7as a Deus Lucas n\u00e3o pensava assim! E poder\u00edamos acrescentar Paulo e os demais&#8230;<\/p>\n<p>Tudo bem, voc\u00ea diz, mas voc\u00ea, Tim\u00f3teo, voc\u00ea \u00e9 professor. Claro que vai \u201cpuxar o peixe para o seu lado.\u201d E de fato, n\u00e3o tenho resposta para isto a n\u00e3o ser, vamos seguir o exemplo b\u00edblico. Claro, podemos \u201cexagerar\u201d ou usar a mente para negar a f\u00e9. Muitos fazem. Mas nem por isso Jesus deixou de nos ensinou a amar a Deus com\u00a0\u201ccom todo o cora\u00e7\u00e3o, com toda a alma e com toda a mente\u201d. Estou \u201cchovendo no molhado\u201d? Vamos l\u00e1.<\/p>\n<p>Tente se colocar no lugar de Lucas escrevendo para\u00a0\u201cTe\u00f3filo\u201d, cujo nome significa\u00a0\u201camigo de Deus\u201d, e assim pode ser tanto um nome pr\u00f3prio de algu\u00e9m ou uma figura liter\u00e1ria criada por Lucas para representar os interessados no evangelho. N\u00e3o tem como saber com certeza. Mas podemos saber, sim, que o evangelho era t\u00e3o precioso, t\u00e3o importante, que Lucas entendia que precisava contar direito e com detalhes esta hist\u00f3ria, ao ponto de verificar todas as fontes conhecidas e gastar 24 cap\u00edtulos (se bem que a divis\u00e3o em cap\u00edtulos e vers\u00edculos veio alguns s\u00e9culos depois).<\/p>\n<p>Voc\u00ea valoriza o evangelho desta maneira? Quanto tempo voc\u00ea gasta em saber para poder contar esta hist\u00f3ria direito? Ou se conta a hist\u00f3ria com os habituais \u201ceu achismos\u201d e os\u00a0\u201c\u00e9 isto que significa para mim\u201d? Vamos estudar um pouco mais? Vamos n\u00e3o separar o que Deus juntou em um s\u00f3 corpo: mente e cora\u00e7\u00e3o?<\/p>\n<p><strong>Ora\u00e7\u00e3o<\/strong><\/p>\n<blockquote><p>Senhor, tu se desse plenamente por n\u00f3s. Encha-nos do Teu Esp\u00edrito, esp\u00edrito de sabedoria e de poder, para nos dedicar corpo e alma, cora\u00e7\u00e3o e mente, para conhe\u00e7\u00ea-lo e passar de modo verdadeiro a mensagem do Teu amor por n\u00f3s para tantos outros. Em nome de Jesus. Am\u00e9m.<\/p><\/blockquote>\n","protected":false},"excerpt":{"rendered":"<p>Semana 1: Lucas 1.1-2 Prezado Te\u00f3filo, Muitas pessoas t\u00eam se esfor\u00e7ado para escrever a hist\u00f3ria das coisas que aconteceram entre n\u00f3s. Elas escreveram o que foi contado por aqueles que viram essas coisas desde o come\u00e7o e anunciaram a mensagem do evangelho. Portanto, Excel\u00eancia, eu estudei com todo o cuidado como foi que essas coisas [&hellip;]<\/p>\n","protected":false},"author":25,"featured_media":987,"comment_status":"open","ping_status":"open","sticky":false,"template":"","format":"standard","meta":{"ngg_post_thumbnail":0,"footnotes":""},"categories":[5447,12073],"tags":[],"class_list":["post-963","post","type-post","status-publish","format-standard","has-post-thumbnail","hentry","category-devocional","category-lucas"],"_links":{"self":[{"href":"https:\/\/ultimato.com.br\/sites\/timcarriker\/wp-json\/wp\/v2\/posts\/963","targetHints":{"allow":["GET"]}}],"collection":[{"href":"https:\/\/ultimato.com.br\/sites\/timcarriker\/wp-json\/wp\/v2\/posts"}],"about":[{"href":"https:\/\/ultimato.com.br\/sites\/timcarriker\/wp-json\/wp\/v2\/types\/post"}],"author":[{"embeddable":true,"href":"https:\/\/ultimato.com.br\/sites\/timcarriker\/wp-json\/wp\/v2\/users\/25"}],"replies":[{"embeddable":true,"href":"https:\/\/ultimato.com.br\/sites\/timcarriker\/wp-json\/wp\/v2\/comments?post=963"}],"version-history":[{"count":9,"href":"https:\/\/ultimato.com.br\/sites\/timcarriker\/wp-json\/wp\/v2\/posts\/963\/revisions"}],"predecessor-version":[{"id":972,"href":"https:\/\/ultimato.com.br\/sites\/timcarriker\/wp-json\/wp\/v2\/posts\/963\/revisions\/972"}],"wp:featuredmedia":[{"embeddable":true,"href":"https:\/\/ultimato.com.br\/sites\/timcarriker\/wp-json\/wp\/v2\/media\/987"}],"wp:attachment":[{"href":"https:\/\/ultimato.com.br\/sites\/timcarriker\/wp-json\/wp\/v2\/media?parent=963"}],"wp:term":[{"taxonomy":"category","embeddable":true,"href":"https:\/\/ultimato.com.br\/sites\/timcarriker\/wp-json\/wp\/v2\/categories?post=963"},{"taxonomy":"post_tag","embeddable":true,"href":"https:\/\/ultimato.com.br\/sites\/timcarriker\/wp-json\/wp\/v2\/tags?post=963"}],"curies":[{"name":"wp","href":"https:\/\/api.w.org\/{rel}","templated":true}]}}