{"id":855,"date":"2011-11-25T09:39:24","date_gmt":"2011-11-25T11:39:24","guid":{"rendered":"http:\/\/escriturasagrada.com\/?p=837"},"modified":"2011-11-25T09:39:24","modified_gmt":"2011-11-25T11:39:24","slug":"semana-47-jo-42-7-9","status":"publish","type":"post","link":"https:\/\/ultimato.com.br\/sites\/timcarriker\/2011\/11\/25\/semana-47-jo-42-7-9\/","title":{"rendered":"Semana 47: J\u00f3 42.7-9"},"content":{"rendered":"<blockquote><p>Depois que acabou de falar com J\u00f3, o SENHOR disse a Elifaz, da regi\u00e3o de Tem\u00e3: \u2014 Estou muito irado com voc\u00ea e com os seus dois amigos, pois voc\u00eas n\u00e3o falaram a verdade a meu respeito, como o meu servo J\u00f3 falou. Agora peguem sete touros e sete carneiros, levem a J\u00f3 e ofere\u00e7am como sacrif\u00edcio em favor de voc\u00eas. O meu servo J\u00f3 orar\u00e1 por voc\u00eas, e eu aceitarei a sua ora\u00e7\u00e3o e n\u00e3o os castigarei como merecem, embora voc\u00eas n\u00e3o tenham falado a verdade a meu respeito, como J\u00f3 falou. Ent\u00e3o Elifaz, que era da regi\u00e3o de Tem\u00e3, Bildade, que era da regi\u00e3o de Sua, e Zofar, que era da regi\u00e3o de Naam\u00e1, foram e fizeram o que o SENHOR havia mandado, e ele aceitou a ora\u00e7\u00e3o de J\u00f3.<\/p><\/blockquote>\n<p><strong>Reflex\u00e3o<\/strong><\/p>\n<p>O perigo de falar (errado!) em nome de Deus. Este \u00e9 o subt\u00edtulo que eu daria para a passagem acima. N\u00e3o duvido que Elifaz e os outros dois amigos de J\u00f3, Bildade e Zofar, eram bem-intencionados. <em>Achavam<\/em> que falavam as verdades de Deus. <em>Achavam-se<\/em> teologicamente corretos. <em>Achavam<\/em> que avaliaram corretamente a desgra\u00e7a de J\u00f3 como consequ\u00eancia de algum pecado. E por isso, <em>falavam<\/em>, <em>falavam <\/em>e <em>falavam<\/em>. Dos 42 cap\u00edtulos de J\u00f3, estes tr\u00eas \u201camigos\u201d gastaram 12 para dar os seus conselhos, e o outro sujeito, Eli\u00fa, gastou mais 6, um total de 18 cap\u00edtulos. Mais de 43% do Livro de J\u00f3 s\u00e3o de conselhos grandemente furados, pelo menos de acordo com o testemunho de Deus em J\u00f3 42.7. Quais li\u00e7\u00f5es podemos tirar disto? Sugiro algumas:<\/p>\n<ol>\n<li>Cuidado quando citamos J\u00f3 como bom conselho para os aflitos. 42% \u00e9 conselho furado!<\/li>\n<li>N\u00e3o \u00e9 pelo <em>volume <\/em>de fala que\u00a0\u201cse ganha\u201d um argumento. No Livro de J\u00f3, quem menos falou foi Deus, esporadicamente nos primeiros 2 cap\u00edtulos e no final, nos cap\u00edtulos 38-42! Semelhantemente, n\u00e3o \u00e9 porque se usa muita linguagem\u00a0\u201creligiosa\u201d que se tem a raz\u00e3o. Se n\u00e3o souber discernir a situa\u00e7\u00e3o do outro, \u00e9 melhor ouvir muito e com muita simpatia do que falar logo e j\u00e1 julgando.<\/li>\n<li>N\u00f3s que somos \u201cconselheiros\u201d, ao dar o conselho errado e depois, saber disto, precisamos <em>corrigir <\/em>a situa\u00e7\u00e3o, fazendo duas coisas importantes: primeiro, pedir desculpas devidamente para a pessoa que aconselhamos mal e segundo, pedindo que aquela pessoa ore a Deus pela sua miseric\u00f3rdia (veja a passagem de novo)!<\/li>\n<\/ol>\n<p>Puxa! Esta terceira li\u00e7\u00e3o \u00e9 dif\u00edcil mesmo. Ser\u00e1 que somos capazes?<\/p>\n<p><strong>Ora\u00e7\u00e3o<\/strong><\/p>\n<blockquote><p>Eterno, Pai. Gra\u00e7as de damos pela Tua miseric\u00f3rdia. Como somos presun\u00e7osos quando falamos de Ti para os outros. Tenha miseric\u00f3rdia de n\u00f3s. Em nome de Jesus. Am\u00e9m.<\/p><\/blockquote>\n","protected":false},"excerpt":{"rendered":"<p>Depois que acabou de falar com J\u00f3, o SENHOR disse a Elifaz, da regi\u00e3o de Tem\u00e3: \u2014 Estou muito irado com voc\u00ea e com os seus dois amigos, pois voc\u00eas n\u00e3o falaram a verdade a meu respeito, como o meu servo J\u00f3 falou. Agora peguem sete touros e sete carneiros, levem a J\u00f3 e ofere\u00e7am [&hellip;]<\/p>\n","protected":false},"author":25,"featured_media":0,"comment_status":"open","ping_status":"open","sticky":false,"template":"","format":"standard","meta":{"ngg_post_thumbnail":0,"footnotes":""},"categories":[25819],"tags":[],"class_list":["post-855","post","type-post","status-publish","format-standard","hentry","category-jo"],"_links":{"self":[{"href":"https:\/\/ultimato.com.br\/sites\/timcarriker\/wp-json\/wp\/v2\/posts\/855","targetHints":{"allow":["GET"]}}],"collection":[{"href":"https:\/\/ultimato.com.br\/sites\/timcarriker\/wp-json\/wp\/v2\/posts"}],"about":[{"href":"https:\/\/ultimato.com.br\/sites\/timcarriker\/wp-json\/wp\/v2\/types\/post"}],"author":[{"embeddable":true,"href":"https:\/\/ultimato.com.br\/sites\/timcarriker\/wp-json\/wp\/v2\/users\/25"}],"replies":[{"embeddable":true,"href":"https:\/\/ultimato.com.br\/sites\/timcarriker\/wp-json\/wp\/v2\/comments?post=855"}],"version-history":[{"count":0,"href":"https:\/\/ultimato.com.br\/sites\/timcarriker\/wp-json\/wp\/v2\/posts\/855\/revisions"}],"wp:attachment":[{"href":"https:\/\/ultimato.com.br\/sites\/timcarriker\/wp-json\/wp\/v2\/media?parent=855"}],"wp:term":[{"taxonomy":"category","embeddable":true,"href":"https:\/\/ultimato.com.br\/sites\/timcarriker\/wp-json\/wp\/v2\/categories?post=855"},{"taxonomy":"post_tag","embeddable":true,"href":"https:\/\/ultimato.com.br\/sites\/timcarriker\/wp-json\/wp\/v2\/tags?post=855"}],"curies":[{"name":"wp","href":"https:\/\/api.w.org\/{rel}","templated":true}]}}