{"id":854,"date":"2011-11-18T13:35:25","date_gmt":"2011-11-18T15:35:25","guid":{"rendered":"http:\/\/escriturasagrada.com\/?p=833"},"modified":"2011-11-18T13:35:25","modified_gmt":"2011-11-18T15:35:25","slug":"semana-46-jo-42-1-6","status":"publish","type":"post","link":"https:\/\/ultimato.com.br\/sites\/timcarriker\/2011\/11\/18\/semana-46-jo-42-1-6\/","title":{"rendered":"Semana 46: J\u00f3 42.1-6"},"content":{"rendered":"<blockquote><p>Ent\u00e3o, em resposta ao SENHOR, J\u00f3 disse:<\/p>\n<p style=\"padding-left: 30px\">\u201cEu reconhe\u00e7o que para ti nada \u00e9 imposs\u00edvel e que nenhum dos teus planos pode ser impedido. Tu me perguntaste como me atrevi a p\u00f4r em d\u00favida a tua sabedoria, visto que sou t\u00e3o ignorante. \u00c9 que falei de coisas que eu n\u00e3o compreendia, coisas que eram maravilhosas demais para mim e que eu n\u00e3o podia entender. Tu me mandaste escutar o que estavas dizendo e responder \u00e0s tuas perguntas. Antes eu te conhecia s\u00f3 por ouvir falar, mas agora eu te vejo com os meus pr\u00f3prios olhos. Por isso, estou envergonhado de tudo o que disse e me arrependo, sentado aqui no ch\u00e3o, num monte de cinzas.\u201d<\/p>\n<\/blockquote>\n<p><strong>Reflex\u00e3o<\/strong><\/p>\n<p>\u00c9 a segunda e \u00faltima resposta de J\u00f3 para a segunda pergunta de Deus neste livro. Belo de chorar. Realmente chorar. J\u00f3 passara pelas piores situa\u00e7\u00f5es de priva\u00e7\u00e3o e sofrimento imagin\u00e1vel. Sentia-se injusti\u00e7ado. Quem n\u00e3o iria sentir igual! Igual!<\/p>\n<p>Mas Deus se revela para J\u00f3 como Criador e como Soberano. J\u00f3 fica mudo. N\u00e3o h\u00e1 o que dizer. Deus se d\u00e1 como satisfeito? N\u00e3o. Continua a interrogar J\u00f3. E do sil\u00eancia J\u00f3 passa para a extrema vergonha e humilha\u00e7\u00e3o. Chegou onde precisava, onde n\u00f3s precisamos, prostrados, humilhados e humildes, esvaziados de qualquer percep\u00e7\u00e3o de ter conhecido Deus antes em toda a sua piedade anterior. Piedade transformara em humildade, humildade em incompreens\u00e3o, e incompreens\u00e3o no lugar certo de criado, servo, arrependido, cinzenta. E assim, somente assim assim e nada menos, J\u00f3 est\u00e1 preparado para a \u00faltima cena do livro logo a seguir (na pr\u00f3xima reflex\u00e3o) e n\u00f3s para a gra\u00e7a de Deus nas nossas vidas.<\/p>\n<p><strong>Ora\u00e7\u00e3o<\/strong><\/p>\n<blockquote><p>Tu, somente tu \u00e9s o nosso Deus, o eterno e \u00fanico Deus, Deus de tudo e Deus sobre tudo. N\u00f3s somos teus criados, prontos e dispostos \u00a0ao Teu querer. Em Cristo. Am\u00e9m.<\/p><\/blockquote>\n","protected":false},"excerpt":{"rendered":"<p>Ent\u00e3o, em resposta ao SENHOR, J\u00f3 disse: \u201cEu reconhe\u00e7o que para ti nada \u00e9 imposs\u00edvel e que nenhum dos teus planos pode ser impedido. Tu me perguntaste como me atrevi a p\u00f4r em d\u00favida a tua sabedoria, visto que sou t\u00e3o ignorante. \u00c9 que falei de coisas que eu n\u00e3o compreendia, coisas que eram maravilhosas [&hellip;]<\/p>\n","protected":false},"author":25,"featured_media":0,"comment_status":"open","ping_status":"open","sticky":false,"template":"","format":"standard","meta":{"ngg_post_thumbnail":0,"footnotes":""},"categories":[25819],"tags":[],"class_list":["post-854","post","type-post","status-publish","format-standard","hentry","category-jo"],"_links":{"self":[{"href":"https:\/\/ultimato.com.br\/sites\/timcarriker\/wp-json\/wp\/v2\/posts\/854","targetHints":{"allow":["GET"]}}],"collection":[{"href":"https:\/\/ultimato.com.br\/sites\/timcarriker\/wp-json\/wp\/v2\/posts"}],"about":[{"href":"https:\/\/ultimato.com.br\/sites\/timcarriker\/wp-json\/wp\/v2\/types\/post"}],"author":[{"embeddable":true,"href":"https:\/\/ultimato.com.br\/sites\/timcarriker\/wp-json\/wp\/v2\/users\/25"}],"replies":[{"embeddable":true,"href":"https:\/\/ultimato.com.br\/sites\/timcarriker\/wp-json\/wp\/v2\/comments?post=854"}],"version-history":[{"count":1,"href":"https:\/\/ultimato.com.br\/sites\/timcarriker\/wp-json\/wp\/v2\/posts\/854\/revisions"}],"predecessor-version":[{"id":2235,"href":"https:\/\/ultimato.com.br\/sites\/timcarriker\/wp-json\/wp\/v2\/posts\/854\/revisions\/2235"}],"wp:attachment":[{"href":"https:\/\/ultimato.com.br\/sites\/timcarriker\/wp-json\/wp\/v2\/media?parent=854"}],"wp:term":[{"taxonomy":"category","embeddable":true,"href":"https:\/\/ultimato.com.br\/sites\/timcarriker\/wp-json\/wp\/v2\/categories?post=854"},{"taxonomy":"post_tag","embeddable":true,"href":"https:\/\/ultimato.com.br\/sites\/timcarriker\/wp-json\/wp\/v2\/tags?post=854"}],"curies":[{"name":"wp","href":"https:\/\/api.w.org\/{rel}","templated":true}]}}