{"id":817,"date":"2011-11-02T00:20:47","date_gmt":"2011-11-02T03:20:47","guid":{"rendered":"http:\/\/escriturasagrada.com\/?p=817"},"modified":"2012-02-16T15:56:13","modified_gmt":"2012-02-16T18:56:13","slug":"semana-44-jo-40-1-5","status":"publish","type":"post","link":"https:\/\/ultimato.com.br\/sites\/timcarriker\/2011\/11\/02\/semana-44-jo-40-1-5\/","title":{"rendered":"Semana 44: J\u00f3 40.1-5"},"content":{"rendered":"<blockquote><p>Ent\u00e3o o SENHOR disse:<\/p>\n<p style=\"padding-left: 30px\">\u201cJ\u00f3, voc\u00ea desafiou a mim, o Deus Todo-Poderoso. Vai desistir ou vai me dar uma resposta?\u201d<\/p>\n<p>Ent\u00e3o, em resposta ao SENHOR, J\u00f3 disse:<\/p>\n<p style=\"padding-left: 30px\">\u201cEu n\u00e3o valho nada; que posso responder? Prefiro ficar calado. J\u00e1 falei mais do que devia e agora n\u00e3o tenho nada para dizer.\u201d<\/p>\n<\/blockquote>\n<p><strong>Reflex\u00e3o<\/strong><\/p>\n<p>Deus deu uma dura li\u00e7\u00e3o para J\u00f3. Chegou at\u00e9 a tirar sarra de J\u00f3 ao fazer perguntas feitas s\u00f3 para coloc\u00e1-lo no seu lugar, do tipo:\u00a0\u201c<em>Sim, voc\u00ea deve saber, pois \u00e9 bem idoso e j\u00e1 havia nascido quando o mundo foi criado&#8230;<\/em>\u201d (38.21) ou\u00a0\u201c<em>Voc\u00ea conhece as leis que governam o c\u00e9u e sabe como devem ser aplicadas na terra?<\/em>\u201d (38.33). Depois de muito sil\u00eancio (cap\u00edtulos 1-37), Deus respondeu a J\u00f3, e respondeu nos cap\u00edtulos 38 e 39 com 32 perguntas. A pergunta acima resume todas as outras, efetivamente: \u201ce agora J\u00f3, o que voc\u00ea tem para me dizer?\u201d<\/p>\n<p>A resposta de J\u00f3 \u00e9 a \u00fanica poss\u00edvel quando se d\u00e1 cara-a-cara com Deus:\u00a0\u201cEu n\u00e3o valho nada; que posso responder?\u201d Isto me lembro da rea\u00e7\u00e3o do profeta Isa\u00edas, quando se dava cara-a-cara com Deus em Isa\u00edas 6:\u00a0\u201cAi de mim! Estou perdido!\u201d (v.5). Tal postura de Isa\u00edas e de J\u00f3 \u00e9 a \u00fanica poss\u00edvel diante da presen\u00e7a poderosa de Deus e tal contri\u00e7\u00e3o absoluta sempre serve de prepara\u00e7\u00e3o para uma nova fase de auto-conhecimento e percep\u00e7\u00e3o de miss\u00e3o neste mundo.<\/p>\n<p><strong>Ora\u00e7\u00e3o<\/strong><\/p>\n<blockquote><p>Poderoso Deus, diante de ti n\u00e3o temos palavras. Queremos apenas ouvir e assim, caminhar na dire\u00e7\u00e3o do teus pro\u00f3sitos para e atrav\u00e9s de n\u00f3s. Em Cristo Jesus. Am\u00e9m.<\/p><\/blockquote>\n","protected":false},"excerpt":{"rendered":"<p>Ent\u00e3o o SENHOR disse: \u201cJ\u00f3, voc\u00ea desafiou a mim, o Deus Todo-Poderoso. Vai desistir ou vai me dar uma resposta?\u201d Ent\u00e3o, em resposta ao SENHOR, J\u00f3 disse: \u201cEu n\u00e3o valho nada; que posso responder? Prefiro ficar calado. J\u00e1 falei mais do que devia e agora n\u00e3o tenho nada para dizer.\u201d Reflex\u00e3o Deus deu uma dura [&hellip;]<\/p>\n","protected":false},"author":25,"featured_media":0,"comment_status":"open","ping_status":"open","sticky":false,"template":"","format":"standard","meta":{"ngg_post_thumbnail":0,"footnotes":""},"categories":[5447,25819],"tags":[],"class_list":["post-817","post","type-post","status-publish","format-standard","hentry","category-devocional","category-jo"],"_links":{"self":[{"href":"https:\/\/ultimato.com.br\/sites\/timcarriker\/wp-json\/wp\/v2\/posts\/817","targetHints":{"allow":["GET"]}}],"collection":[{"href":"https:\/\/ultimato.com.br\/sites\/timcarriker\/wp-json\/wp\/v2\/posts"}],"about":[{"href":"https:\/\/ultimato.com.br\/sites\/timcarriker\/wp-json\/wp\/v2\/types\/post"}],"author":[{"embeddable":true,"href":"https:\/\/ultimato.com.br\/sites\/timcarriker\/wp-json\/wp\/v2\/users\/25"}],"replies":[{"embeddable":true,"href":"https:\/\/ultimato.com.br\/sites\/timcarriker\/wp-json\/wp\/v2\/comments?post=817"}],"version-history":[{"count":3,"href":"https:\/\/ultimato.com.br\/sites\/timcarriker\/wp-json\/wp\/v2\/posts\/817\/revisions"}],"predecessor-version":[{"id":2234,"href":"https:\/\/ultimato.com.br\/sites\/timcarriker\/wp-json\/wp\/v2\/posts\/817\/revisions\/2234"}],"wp:attachment":[{"href":"https:\/\/ultimato.com.br\/sites\/timcarriker\/wp-json\/wp\/v2\/media?parent=817"}],"wp:term":[{"taxonomy":"category","embeddable":true,"href":"https:\/\/ultimato.com.br\/sites\/timcarriker\/wp-json\/wp\/v2\/categories?post=817"},{"taxonomy":"post_tag","embeddable":true,"href":"https:\/\/ultimato.com.br\/sites\/timcarriker\/wp-json\/wp\/v2\/tags?post=817"}],"curies":[{"name":"wp","href":"https:\/\/api.w.org\/{rel}","templated":true}]}}