{"id":803,"date":"2011-10-26T19:13:06","date_gmt":"2011-10-26T21:13:06","guid":{"rendered":"http:\/\/escriturasagrada.com\/?p=803"},"modified":"2011-10-26T19:13:06","modified_gmt":"2011-10-26T21:13:06","slug":"semana-42-jo-38-12-13","status":"publish","type":"post","link":"https:\/\/ultimato.com.br\/sites\/timcarriker\/2011\/10\/26\/semana-42-jo-38-12-13\/","title":{"rendered":"Semana 42: J\u00f3 38.12-13"},"content":{"rendered":"<blockquote><p>\u201cJ\u00f3, alguma vez na sua vida voc\u00ea ordenou que viesse a madrugada e assim come\u00e7asse um novo dia?\u00a0Voc\u00ea alguma vez mandou que a luz se espalhasse sobre a terra, sacudindo os perversos e os expulsando dos seus esconderijos?\u201d<\/p><\/blockquote>\n<p><strong>Reflex\u00e3o<\/strong><\/p>\n<p>Que resposta seria poss\u00edvel J\u00f3 dar para uma pergunta destas? Categoricamente\u00a0\u201cn\u00e3o!\u201d Como podemos nos comparar com o Deus <em>Criador<\/em>? Como ent\u00e3o \u00e9 poss\u00edvel\u00a0\u201cquestionar\u201d ou duvidar Deus sobre as situa\u00e7\u00f5es das nossas vidas sobre as quais n\u00e3o temos nenhum control? A resposta continua sendo\u00a0\u201cn\u00e3o podemos\u201d. Entretanto, somos orgulhosos e arrogantes o suficiente para fazer exatamente isto.<\/p>\n<p>N\u00e3o estou sendo justo? Todo o mundo tem o direito de reclamar, at\u00e9 mesmo para Deus. Claro que sim. S\u00f3 que \u00e9 um meio rid\u00edculo. Pelo menos esta \u00e9 a for\u00e7a das perguntas que Deus faz para J\u00f3.<\/p>\n<p>O\u00a0\u201coutro lado da moeda\u201d desta ideia \u00e9 que, sendo Deus Criador de todas as coisas e sendo preocupado conosco, podemos conversar com ele, expondo as nossas ang\u00fastias e pedindo que ele aja favoravelmente por n\u00f3s. Isto, sim. Desafi\u00e1-lo, jamais!<\/p>\n<p><strong>Ora\u00e7\u00e3o<\/strong><\/p>\n<blockquote><p>Pai amado, Criador de tudo que h\u00e1 pelo sua mera palavra, guia-nos pelos teus caminhos e desperte em n\u00f3s um pouco da percep\u00e7\u00e3o da tua presen\u00e7a e cuido para conosco. Em nome de Jesus. Am\u00e9m.<\/p><\/blockquote>\n","protected":false},"excerpt":{"rendered":"<p>\u201cJ\u00f3, alguma vez na sua vida voc\u00ea ordenou que viesse a madrugada e assim come\u00e7asse um novo dia?\u00a0Voc\u00ea alguma vez mandou que a luz se espalhasse sobre a terra, sacudindo os perversos e os expulsando dos seus esconderijos?\u201d Reflex\u00e3o Que resposta seria poss\u00edvel J\u00f3 dar para uma pergunta destas? Categoricamente\u00a0\u201cn\u00e3o!\u201d Como podemos nos comparar com [&hellip;]<\/p>\n","protected":false},"author":25,"featured_media":0,"comment_status":"open","ping_status":"open","sticky":false,"template":"","format":"standard","meta":{"ngg_post_thumbnail":0,"footnotes":""},"categories":[25819],"tags":[],"class_list":["post-803","post","type-post","status-publish","format-standard","hentry","category-jo"],"_links":{"self":[{"href":"https:\/\/ultimato.com.br\/sites\/timcarriker\/wp-json\/wp\/v2\/posts\/803","targetHints":{"allow":["GET"]}}],"collection":[{"href":"https:\/\/ultimato.com.br\/sites\/timcarriker\/wp-json\/wp\/v2\/posts"}],"about":[{"href":"https:\/\/ultimato.com.br\/sites\/timcarriker\/wp-json\/wp\/v2\/types\/post"}],"author":[{"embeddable":true,"href":"https:\/\/ultimato.com.br\/sites\/timcarriker\/wp-json\/wp\/v2\/users\/25"}],"replies":[{"embeddable":true,"href":"https:\/\/ultimato.com.br\/sites\/timcarriker\/wp-json\/wp\/v2\/comments?post=803"}],"version-history":[{"count":0,"href":"https:\/\/ultimato.com.br\/sites\/timcarriker\/wp-json\/wp\/v2\/posts\/803\/revisions"}],"wp:attachment":[{"href":"https:\/\/ultimato.com.br\/sites\/timcarriker\/wp-json\/wp\/v2\/media?parent=803"}],"wp:term":[{"taxonomy":"category","embeddable":true,"href":"https:\/\/ultimato.com.br\/sites\/timcarriker\/wp-json\/wp\/v2\/categories?post=803"},{"taxonomy":"post_tag","embeddable":true,"href":"https:\/\/ultimato.com.br\/sites\/timcarriker\/wp-json\/wp\/v2\/tags?post=803"}],"curies":[{"name":"wp","href":"https:\/\/api.w.org\/{rel}","templated":true}]}}