{"id":794,"date":"2011-10-26T17:36:01","date_gmt":"2011-10-26T20:36:01","guid":{"rendered":"http:\/\/escriturasagrada.com\/?p=794"},"modified":"2012-02-16T15:56:27","modified_gmt":"2012-02-16T18:56:27","slug":"semana-41-jo-38-5","status":"publish","type":"post","link":"https:\/\/ultimato.com.br\/sites\/timcarriker\/2011\/10\/26\/semana-41-jo-38-5\/","title":{"rendered":"Semana 41: J\u00f3 38.5"},"content":{"rendered":"<blockquote><p>Voc\u00ea sabe quem resolveu qual seria o tamanho do mundo e quem foi que fez as medi\u00e7\u00f5es?<\/p><\/blockquote>\n<p><strong>Reflex\u00e3o<\/strong><\/p>\n<p>Na semana passada vimos a primeira de 32 perguntas dirigidas por Deus para J\u00f3, cada uma girando em torno de algum aspecto da cria\u00e7\u00e3o. A primeira era geral:\u00a0\u201cOnde \u00e9 que voc\u00ea estava quando criei o mundo? Se voc\u00ea \u00e9 t\u00e3o inteligente, explique isso.\u201d Depois vem uma s\u00e9rie de perguntas mais espec\u00edfica. Chamo n\u00famero 2 de \u201cc\u00e1lculo geogr\u00e1fico\u201d. Vejamos um pequeno demonstrativo em ingl\u00eas&#8230;<\/p>\n<p>[tube]http:\/\/www.youtube.com\/watch?v=HEheh1BH34Q[\/tube]<\/p>\n<p>E imagina J\u00f3, que provavelmente nem sabia da extens\u00e3o das terras ao seu redor.<\/p>\n<p>\u00c9 simplesmente incr\u00edvel pensar que a cria\u00e7\u00e3o toda, sim, at\u00e9 todo o universo est\u00e1 nas m\u00e3os de Deus. Como podemos ousar reclamar diante dele.<\/p>\n<p><strong>Ora\u00e7\u00e3o<\/strong><\/p>\n<blockquote><p>Grandes \u00e9s\u00a0tu, SENHOR, criador de tudo. Como poderemos n\u00e3o confiar em ti? Entretanto, somos tingidos por este impulso de querer controlar tudo ao nosso redor. Ensina-nos a confiar mais em ti. Por meio de Cristo Jesus. Am\u00e9m.<\/p><\/blockquote>\n","protected":false},"excerpt":{"rendered":"<p>Voc\u00ea sabe quem resolveu qual seria o tamanho do mundo e quem foi que fez as medi\u00e7\u00f5es? Reflex\u00e3o Na semana passada vimos a primeira de 32 perguntas dirigidas por Deus para J\u00f3, cada uma girando em torno de algum aspecto da cria\u00e7\u00e3o. A primeira era geral:\u00a0\u201cOnde \u00e9 que voc\u00ea estava quando criei o mundo? Se [&hellip;]<\/p>\n","protected":false},"author":25,"featured_media":0,"comment_status":"open","ping_status":"open","sticky":false,"template":"","format":"standard","meta":{"ngg_post_thumbnail":0,"footnotes":""},"categories":[5447,25819],"tags":[],"class_list":["post-794","post","type-post","status-publish","format-standard","hentry","category-devocional","category-jo"],"_links":{"self":[{"href":"https:\/\/ultimato.com.br\/sites\/timcarriker\/wp-json\/wp\/v2\/posts\/794","targetHints":{"allow":["GET"]}}],"collection":[{"href":"https:\/\/ultimato.com.br\/sites\/timcarriker\/wp-json\/wp\/v2\/posts"}],"about":[{"href":"https:\/\/ultimato.com.br\/sites\/timcarriker\/wp-json\/wp\/v2\/types\/post"}],"author":[{"embeddable":true,"href":"https:\/\/ultimato.com.br\/sites\/timcarriker\/wp-json\/wp\/v2\/users\/25"}],"replies":[{"embeddable":true,"href":"https:\/\/ultimato.com.br\/sites\/timcarriker\/wp-json\/wp\/v2\/comments?post=794"}],"version-history":[{"count":3,"href":"https:\/\/ultimato.com.br\/sites\/timcarriker\/wp-json\/wp\/v2\/posts\/794\/revisions"}],"predecessor-version":[{"id":2240,"href":"https:\/\/ultimato.com.br\/sites\/timcarriker\/wp-json\/wp\/v2\/posts\/794\/revisions\/2240"}],"wp:attachment":[{"href":"https:\/\/ultimato.com.br\/sites\/timcarriker\/wp-json\/wp\/v2\/media?parent=794"}],"wp:term":[{"taxonomy":"category","embeddable":true,"href":"https:\/\/ultimato.com.br\/sites\/timcarriker\/wp-json\/wp\/v2\/categories?post=794"},{"taxonomy":"post_tag","embeddable":true,"href":"https:\/\/ultimato.com.br\/sites\/timcarriker\/wp-json\/wp\/v2\/tags?post=794"}],"curies":[{"name":"wp","href":"https:\/\/api.w.org\/{rel}","templated":true}]}}