{"id":694,"date":"2011-07-28T15:21:05","date_gmt":"2011-07-28T17:21:05","guid":{"rendered":"http:\/\/escriturasagrada.com\/?p=694"},"modified":"2011-07-28T15:21:05","modified_gmt":"2011-07-28T17:21:05","slug":"semana-30-jo-27-1-5","status":"publish","type":"post","link":"https:\/\/ultimato.com.br\/sites\/timcarriker\/2011\/07\/28\/semana-30-jo-27-1-5\/","title":{"rendered":"Semana 30: J\u00f3 27.1-5"},"content":{"rendered":"<blockquote><p><em>E J\u00f3 continuou em sua fala e disse: \u201cJuro por Deus, pelo Todo-Poderoso, que n\u00e3o quer me fazer justi\u00e7a e que enche de amargura o meu cora\u00e7\u00e3o, juro que, enquanto ele me der for\u00e7as para respirar,<\/em><br \/>\n<em> os meus l\u00e1bios nunca dir\u00e3o coisas m\u00e1s, e a minha l\u00edngua n\u00e3o contar\u00e1 mentiras. Nunca direi que voc\u00eas t\u00eam raz\u00e3o de me acusar; enquanto viver, insistirei na minha inoc\u00eancia&#8230;\u201d<\/em><\/p><\/blockquote>\n<p><strong>Reflection<\/strong><\/p>\n<p>Do ponto de vista da \u201cci\u00eancia\u201d da\u00a0interpreta\u00e7\u00e3o o Livro de J\u00f3 \u00e9 fascinante. J\u00e1 vimos isto diversas vezes nas nossas devocionais. No cap\u00edtulo 27 vemos novamente. Alguns princ\u00edpios v\u00eam a mente, por exemplo&#8230;<\/p>\n<p>Primeiro<em>, cuidado com interpreta\u00e7\u00f5es\u00a0\u201cao p\u00e9 da letra\u201d.<\/em> Muitos leitores sabem isto muito bem. A l\u00edngua emprega diversas estrat\u00e9gias de comunica\u00e7\u00e3o, desde a prosa at\u00e9 a poesia e incluindo met\u00e1foras, aforismos e express\u00f5es idiom\u00e1ticas. Por exemplo, se lermos a ora\u00e7\u00e3o de J\u00f3 ao p\u00e9 da letra e entendermos que a sua fala, sendo contido dentro das Escrituras, \u00e9 tamb\u00e9m fala divina, poder\u00edamos concluir, equivocadamente, que Deus n\u00e3o \u00e9 justo e que deseja prejudicar as pessoas. L\u00f3gico, n\u00e3o chegamos a esta conclus\u00e3o porque conhecemos tantas outras passagens que dizem ao contr\u00e1rio. Ao inv\u00e9s de entender a ora\u00e7\u00e3o de J\u00f3 desta maneira, \u00e9 f\u00e1cil entender que esta fala \u00e9 duma pessoa chateada e a sua chatea\u00e7\u00e3o registra a <em>percep\u00e7\u00e3o<\/em> da injusti\u00e7a de Deus mas n\u00e3o a injusti\u00e7a em si. \u00c9 f\u00e1cil ver isso nesta passagem mas sempre temos que ser atentos que em outras passagens algo semelhante poder\u00e1 estar acontecendo.<\/p>\n<p>Segundo,\u00a0<em>a interpreta\u00e7\u00e3o precisa levar em conta o interlocutor. <\/em>Este princ\u00edpio tamb\u00e9m \u00e9 \u00f3bvio para muitos como o b\u00ea-a-b\u00e1 de qualquer leitura de textos. Entreanto, porque tratamos as Escrituras como leitura sagrada e assim como de um s\u00f3 autor, o Esp\u00edrito Santo, por \u201ctr\u00e1s\u201d dos muitos autores, temos a tend\u00eancia de tratar todas as falas contidas numa dada passagem do mesmo jeito. Tanto que, se for prestar a aten\u00e7\u00e3o para as leituras p\u00fablicas das Escrituras, quase sempre as pessoas l\u00eaem todas as falas com o mesmo tom de voz (normalmente um tom mon\u00f3tono porque parece mais \u201csagrada\u201d), como se fossem faladas por uma s\u00f3 pessoa. No caso da nossa passagem acima, a fala \u00e9 de J\u00f3 e n\u00e3o dos seus amigos, o que explica muito o conte\u00fado e o tom da fala.<\/p>\n<p>Bem, at\u00e9 aqui, minhas observa\u00e7\u00f5es s\u00e3o mais pedag\u00f3gicas que \u201cdevocionais\u201d. Ent\u00e3o&#8230; uma observa\u00e7\u00e3o mais pessoal: n\u00e3o \u00e9 fant\u00e1stico que J\u00f3, mesmo achando Deus injusto com ele, n\u00e3o parte para a maldade como muitos que desistem de Deus em situa\u00e7\u00f5es semelhantes. Mas, ao inv\u00e9s disto, J\u00f3 faz quest\u00e3o de reafirmar o seu compromisso com a integridade:\u00a0\u201c<em>meus l\u00e1bios nunca dir\u00e3o coisas m\u00e1s, e a minha l\u00edngua n\u00e3o contar\u00e1 mentiras&#8230;<\/em>\u201d Que modelo para n\u00f3s, na hora do aborrecimento!<\/p>\n<p><strong>Ora\u00e7\u00e3o<\/strong><\/p>\n<blockquote><p><em>Pai, reafirmamos a nossa confian\u00e7a, a nossa lealdade a ti acima de tudo. Mesmo na afli\u00e7\u00e3o desejamos ser como tu, fiel, justo e compassivo. Por isso, d\u00ea nos a por\u00e7\u00e3o abundante do teu Esp\u00edrito dentro de n\u00f3s. Em nome de Jesus. Am\u00e9m.<\/em><\/p><\/blockquote>\n","protected":false},"excerpt":{"rendered":"<p>E J\u00f3 continuou em sua fala e disse: \u201cJuro por Deus, pelo Todo-Poderoso, que n\u00e3o quer me fazer justi\u00e7a e que enche de amargura o meu cora\u00e7\u00e3o, juro que, enquanto ele me der for\u00e7as para respirar, os meus l\u00e1bios nunca dir\u00e3o coisas m\u00e1s, e a minha l\u00edngua n\u00e3o contar\u00e1 mentiras. Nunca direi que voc\u00eas t\u00eam [&hellip;]<\/p>\n","protected":false},"author":25,"featured_media":0,"comment_status":"open","ping_status":"open","sticky":false,"template":"","format":"standard","meta":{"ngg_post_thumbnail":0,"footnotes":""},"categories":[25819],"tags":[],"class_list":["post-694","post","type-post","status-publish","format-standard","hentry","category-jo"],"_links":{"self":[{"href":"https:\/\/ultimato.com.br\/sites\/timcarriker\/wp-json\/wp\/v2\/posts\/694","targetHints":{"allow":["GET"]}}],"collection":[{"href":"https:\/\/ultimato.com.br\/sites\/timcarriker\/wp-json\/wp\/v2\/posts"}],"about":[{"href":"https:\/\/ultimato.com.br\/sites\/timcarriker\/wp-json\/wp\/v2\/types\/post"}],"author":[{"embeddable":true,"href":"https:\/\/ultimato.com.br\/sites\/timcarriker\/wp-json\/wp\/v2\/users\/25"}],"replies":[{"embeddable":true,"href":"https:\/\/ultimato.com.br\/sites\/timcarriker\/wp-json\/wp\/v2\/comments?post=694"}],"version-history":[{"count":0,"href":"https:\/\/ultimato.com.br\/sites\/timcarriker\/wp-json\/wp\/v2\/posts\/694\/revisions"}],"wp:attachment":[{"href":"https:\/\/ultimato.com.br\/sites\/timcarriker\/wp-json\/wp\/v2\/media?parent=694"}],"wp:term":[{"taxonomy":"category","embeddable":true,"href":"https:\/\/ultimato.com.br\/sites\/timcarriker\/wp-json\/wp\/v2\/categories?post=694"},{"taxonomy":"post_tag","embeddable":true,"href":"https:\/\/ultimato.com.br\/sites\/timcarriker\/wp-json\/wp\/v2\/tags?post=694"}],"curies":[{"name":"wp","href":"https:\/\/api.w.org\/{rel}","templated":true}]}}