{"id":689,"date":"2011-07-21T21:31:24","date_gmt":"2011-07-21T23:31:24","guid":{"rendered":"http:\/\/escriturasagrada.com\/?p=689"},"modified":"2011-07-21T21:31:24","modified_gmt":"2011-07-21T23:31:24","slug":"semana-29-jo-26-5-14","status":"publish","type":"post","link":"https:\/\/ultimato.com.br\/sites\/timcarriker\/2011\/07\/21\/semana-29-jo-26-5-14\/","title":{"rendered":"Semana 29: J\u00f3 26.5-14"},"content":{"rendered":"<blockquote><p><em>Na <span style=\"text-decoration: underline\">terra<\/span> da escurid\u00e3o, todos se contorcem, treme o <span style=\"text-decoration: underline\">oceano <\/span>e tudo o que nele existe.<\/em><br \/>\n<em> O <span style=\"text-decoration: underline\">abismo <\/span>abre-se diante de Deus, a <span style=\"text-decoration: underline\">terra <\/span>da destrui\u00e7\u00e3o aparece a descoberto.<\/em><br \/>\n<em> Deus estendeu a ab\u00f3bada celeste sobre o <span style=\"text-decoration: underline\">vazio <\/span>e suspendeu a <span style=\"text-decoration: underline\">terra <\/span>sobre o nada.<\/em><br \/>\n<em> Encerrou as <span style=\"text-decoration: underline\">\u00e1guas <\/span>dentro das <span style=\"text-decoration: underline\">nuvens<\/span>, sem que estas rebentem com o peso.<\/em><br \/>\n<em> Encobriu com uma <span style=\"text-decoration: underline\">nuvem <\/span>o seu trono, para n\u00e3o ser visto por ningu\u00e9m.<\/em><br \/>\n<em> Tra\u00e7ou um c\u00edrculo \u00e0 volta do <span style=\"text-decoration: underline\">mar<\/span>, no limite entre a <span style=\"text-decoration: underline\">luz <\/span>e as <span style=\"text-decoration: underline\">trevas<\/span>.<\/em><br \/>\n<em> Tremem as <span style=\"text-decoration: underline\">colunas <\/span>que sustentam o <span style=\"text-decoration: underline\">c\u00e9u <\/span>assustadas com o seu bramido.<\/em><br \/>\n<em> Com o seu poder acalmou o <span style=\"text-decoration: underline\">mar<\/span>, com a sua intelig\u00eancia desfez o <span style=\"text-decoration: underline\">caos<\/span>.<\/em><br \/>\n<em> Com o seu sopro varreu o <span style=\"text-decoration: underline\">c\u00e9u<\/span>, com a sua m\u00e3o matou a <span style=\"text-decoration: underline\">serpente veloz<\/span>.<\/em><br \/>\n<strong><em>Mas isto \u00e9 s\u00f3 uma parte das suas obras, um eco de tudo o que se pode contar dele. Quem ser\u00e1 capaz de compreender a grandeza enorme dos seus feitos? <\/em><\/strong>(Sociedade B\u00edblica de Portugal)<\/p><\/blockquote>\n<p><strong>Reflex\u00e3o<\/strong><\/p>\n<p>Nos vers\u00edculos acima eu quis chamar aten\u00e7\u00e3o para duas coisas: os diversos elementos da cria\u00e7\u00e3o (sublinhados) e a observa\u00e7\u00e3o final (em negrito)&#8230;<\/p>\n<p>Nas primeiras linhas vemos como J\u00f3 apresenta certos atributos de Deus\u00a0\u2014 o seu poder, a sua soberania, a sua criatividade, a sua onisci\u00eancia, e o seu cuidado sobre n\u00f3s\u00a0\u2014 por meio da nossa experi\u00eancia do mundo real, isto \u00e9, dos elementos da cria\u00e7\u00e3o, t\u00e3o presentes que nem reparamos. Na antiguidade era comum recorrer aos elementos da cria\u00e7\u00e3o para falar dos atributos de Deus. Hoje, no nosso mundo urbanizado e industrializado, \u00e9 mais raro. Falar de Deus hoje \u00e9 muito mais filosofar pelo uso duma linguagem mais abstrata. Que pena. Pois como os Livros de J\u00f3, Salmos, Prov\u00e9rbios, e dos Profetas especificamente e todos os autores da B\u00edblia de modo geral sabem, a\u00a0\u201cassinatura\u201d do Criador e a sua maior evid\u00eancia est\u00e1 evidente na sua pr\u00f3pria cria\u00e7\u00e3o. Pela sua beleza, sua pot\u00eancia, sua ordem e pelo seu prop\u00f3sito. Consegues ver desta maneira?<\/p>\n<p>Entretanto, a \u00faltima afirma\u00e7\u00e3o, em negrito, \u00e9 uma boa ressalva:\u00a0\u201cmas isto \u00e9 uma<em> parte<\/em> das suas obras, um <em>eco <\/em>de tudo que se pode contar dele\u201d. A marca do Criador pode ser visto, sim, na sua cria\u00e7\u00e3o. Mas n\u00e3o se confunde a cria\u00e7\u00e3o com Criador. Se h\u00e1 beleza, poder, ordem, e prop\u00f3sito na cria\u00e7\u00e3o, muito mais h\u00e1 no Criador. Ali\u00e1s, ouso dizer que s\u00f3 temos\u00a0uma no\u00e7\u00e3o\u00a0destas coisas por temos a imagem de Deus gravada em n\u00f3s de tal forma que possamos perceber,\u00a0por mais parcial que seja, o que \u00e9 beleza, poder, ordem e prop\u00f3sito, e outras caracter\u00edsticas do pr\u00f3prio Deus.<\/p>\n<p><strong>Ora\u00e7\u00e3o<\/strong><\/p>\n<blockquote><p><em>Pai eterno, Criador de tudo, qu\u00e3o magn\u00edfico \u00e9 o teu nome. Venhas nos encher da alegria do teu Ep\u00edrito, do auto-entrega de Cristo e da compaix\u00e3o de Deus. Em nome de Jesus. Am\u00e9m.<\/em><\/p><\/blockquote>\n<p>&nbsp;<\/p>\n","protected":false},"excerpt":{"rendered":"<p>Na terra da escurid\u00e3o, todos se contorcem, treme o oceano e tudo o que nele existe. O abismo abre-se diante de Deus, a terra da destrui\u00e7\u00e3o aparece a descoberto. Deus estendeu a ab\u00f3bada celeste sobre o vazio e suspendeu a terra sobre o nada. Encerrou as \u00e1guas dentro das nuvens, sem que estas rebentem com [&hellip;]<\/p>\n","protected":false},"author":25,"featured_media":0,"comment_status":"open","ping_status":"open","sticky":false,"template":"","format":"standard","meta":{"ngg_post_thumbnail":0,"footnotes":""},"categories":[25819],"tags":[],"class_list":["post-689","post","type-post","status-publish","format-standard","hentry","category-jo"],"_links":{"self":[{"href":"https:\/\/ultimato.com.br\/sites\/timcarriker\/wp-json\/wp\/v2\/posts\/689","targetHints":{"allow":["GET"]}}],"collection":[{"href":"https:\/\/ultimato.com.br\/sites\/timcarriker\/wp-json\/wp\/v2\/posts"}],"about":[{"href":"https:\/\/ultimato.com.br\/sites\/timcarriker\/wp-json\/wp\/v2\/types\/post"}],"author":[{"embeddable":true,"href":"https:\/\/ultimato.com.br\/sites\/timcarriker\/wp-json\/wp\/v2\/users\/25"}],"replies":[{"embeddable":true,"href":"https:\/\/ultimato.com.br\/sites\/timcarriker\/wp-json\/wp\/v2\/comments?post=689"}],"version-history":[{"count":0,"href":"https:\/\/ultimato.com.br\/sites\/timcarriker\/wp-json\/wp\/v2\/posts\/689\/revisions"}],"wp:attachment":[{"href":"https:\/\/ultimato.com.br\/sites\/timcarriker\/wp-json\/wp\/v2\/media?parent=689"}],"wp:term":[{"taxonomy":"category","embeddable":true,"href":"https:\/\/ultimato.com.br\/sites\/timcarriker\/wp-json\/wp\/v2\/categories?post=689"},{"taxonomy":"post_tag","embeddable":true,"href":"https:\/\/ultimato.com.br\/sites\/timcarriker\/wp-json\/wp\/v2\/tags?post=689"}],"curies":[{"name":"wp","href":"https:\/\/api.w.org\/{rel}","templated":true}]}}