{"id":670,"date":"2011-06-30T15:08:17","date_gmt":"2011-06-30T17:08:17","guid":{"rendered":"http:\/\/escriturasagrada.com\/?p=670"},"modified":"2011-06-30T15:08:17","modified_gmt":"2011-06-30T17:08:17","slug":"semana-26-jo-23-8-12","status":"publish","type":"post","link":"https:\/\/ultimato.com.br\/sites\/timcarriker\/2011\/06\/30\/semana-26-jo-23-8-12\/","title":{"rendered":"Semana 26: J\u00f3 23.8-12"},"content":{"rendered":"<blockquote><p><em>Eu procuro no Leste, mas Deus n\u00e3o est\u00e1 ali; e n\u00e3o o encontro no Oeste.<\/em><br \/>\n<em> E tamb\u00e9m n\u00e3o o vejo quando age no Norte ou se esconde no Sul.<\/em><br \/>\n<em> Mas Deus conhece cada um dos meus passos; se ele me puser \u00e0 prova, ver\u00e1 que sairei puro como o ouro.<\/em><br \/>\n<em> Eu sigo o caminho que ele me mostra e nunca me desvio para lado nenhum.<\/em><br \/>\n<em> Obede\u00e7o aos mandamentos de Deus; sempre fa\u00e7o a sua vontade e n\u00e3o a minha.<\/em><\/p><\/blockquote>\n<p><strong>Reflex\u00e3o<\/strong><\/p>\n<p>\u00c9 muito dif\u00edcil, at\u00e9 imposs\u00edvel, n\u00e3o admirar J\u00f3. Apanhou para valer&#8230; e sem culpa nenhuma. Perdeu\u00a0familiares, bens, sa\u00fade e apoio da esposa e dos amigos. Os amigos n\u00e3o entenderam a sua situa\u00e7\u00e3o e passaram sal no ferido o acusando de alguma perversidade mas ele n\u00e3o era culpado. Quanto des\u00e2nimo! E nisto tudo, J\u00f3 se sentia cada vez mais perplexo, cada vez menos pr\u00f3ximo de Deus, o \u201cbem maior\u201d que sobrava da sua vida. Entretanto, e mesmo muit\u00edssimo desanimado,\u00a0<em><strong>n\u00e3o desistiu<\/strong><\/em>. Conforme os versos acima, procurava Deus em toda parte, e n\u00e3o o encontrou. <em><strong>Mesmo assim<\/strong><\/em>, ele afirmou,\u00a0\u201ce<em>u sigo o caminho que ele me mostra e nunca me desvio para lado nenhum. <\/em><em>Obede\u00e7o aos mandamentos de Deus; sempre fa\u00e7o a sua vontade e n\u00e3o a minha<\/em>\u201d (vv.11-12). Quanta resolu\u00e7\u00e3o frente ao des\u00e2nimo. Eu queria ser como J\u00f3, mas l\u00f3gico, sem passar por aquilo que ele passou. Quem quer passar por isso, afinal?<\/p>\n<p>Neste domingo, meu amigo Paulinho, psic\u00f3logo e l\u00edder de louvor na nossa igreja local, pregou uma mensagem com base em 2 Cor\u00edntios 4.16-18. O vers\u00edculo 16 diz,\u00a0<em>\u201cPor isso nunca ficamos desanimados. Mesmo que o nosso corpo v\u00e1 se gastando, o nosso esp\u00edrito vai se renovando dia a dia.\u201d<\/em> Esclareceu que a palavra traduzida como \u201cdesanimar\u201d n\u00e3o \u00e9 tanto a\u00a0ideia\u00a0de perder a\u00a0<em>empolga\u00e7\u00e3o\u00a0emocional <\/em>quanto a ideia de perder a <em>motiva\u00e7\u00e3o<\/em>. Distin\u00e7\u00e3o brilhante! J\u00f3 estava sim, desanimado. Mas n\u00e3o perdeu a motiva\u00e7\u00e3o. Sabia quem era e quem permanecer\u00e1 a ser o alvo da sua vida&#8230;o pr\u00f3prio Criador, mesmo em face de aparente dist\u00e2ncia.<\/p>\n<p>Ainda estou mastigando estas palavras.<\/p>\n<p>Eu queria ser como J\u00f3.<\/p>\n<p><strong>Ora\u00e7\u00e3o<\/strong><\/p>\n<blockquote><p><em>Pai amado e misericordioso, venha ao nosso encontro. N\u00e3o se afaste de n\u00f3s. N\u00e3o me afasto de Ti e n\u00e3o me afastarei, pela tua gra\u00e7a e pelo poder do Teu Esp\u00edrito em mim. Quero, Senhor, a resolu\u00e7\u00e3o de J\u00f3, a determina\u00e7\u00e3o e a garra que me\u00a0acompanha\u00a0quando passo por dificuldades. Em nome do Teu filho amado, Jesus. Am\u00e9m.<\/em><\/p><\/blockquote>\n","protected":false},"excerpt":{"rendered":"<p>Eu procuro no Leste, mas Deus n\u00e3o est\u00e1 ali; e n\u00e3o o encontro no Oeste. E tamb\u00e9m n\u00e3o o vejo quando age no Norte ou se esconde no Sul. Mas Deus conhece cada um dos meus passos; se ele me puser \u00e0 prova, ver\u00e1 que sairei puro como o ouro. Eu sigo o caminho que [&hellip;]<\/p>\n","protected":false},"author":25,"featured_media":0,"comment_status":"open","ping_status":"open","sticky":false,"template":"","format":"standard","meta":{"ngg_post_thumbnail":0,"footnotes":""},"categories":[25819],"tags":[],"class_list":["post-670","post","type-post","status-publish","format-standard","hentry","category-jo"],"_links":{"self":[{"href":"https:\/\/ultimato.com.br\/sites\/timcarriker\/wp-json\/wp\/v2\/posts\/670","targetHints":{"allow":["GET"]}}],"collection":[{"href":"https:\/\/ultimato.com.br\/sites\/timcarriker\/wp-json\/wp\/v2\/posts"}],"about":[{"href":"https:\/\/ultimato.com.br\/sites\/timcarriker\/wp-json\/wp\/v2\/types\/post"}],"author":[{"embeddable":true,"href":"https:\/\/ultimato.com.br\/sites\/timcarriker\/wp-json\/wp\/v2\/users\/25"}],"replies":[{"embeddable":true,"href":"https:\/\/ultimato.com.br\/sites\/timcarriker\/wp-json\/wp\/v2\/comments?post=670"}],"version-history":[{"count":0,"href":"https:\/\/ultimato.com.br\/sites\/timcarriker\/wp-json\/wp\/v2\/posts\/670\/revisions"}],"wp:attachment":[{"href":"https:\/\/ultimato.com.br\/sites\/timcarriker\/wp-json\/wp\/v2\/media?parent=670"}],"wp:term":[{"taxonomy":"category","embeddable":true,"href":"https:\/\/ultimato.com.br\/sites\/timcarriker\/wp-json\/wp\/v2\/categories?post=670"},{"taxonomy":"post_tag","embeddable":true,"href":"https:\/\/ultimato.com.br\/sites\/timcarriker\/wp-json\/wp\/v2\/tags?post=670"}],"curies":[{"name":"wp","href":"https:\/\/api.w.org\/{rel}","templated":true}]}}