{"id":664,"date":"2011-06-19T12:34:45","date_gmt":"2011-06-19T14:34:45","guid":{"rendered":"http:\/\/escriturasagrada.com\/?p=664"},"modified":"2011-06-19T12:34:45","modified_gmt":"2011-06-19T14:34:45","slug":"semana-25-jo-22-26-28-23-26-17","status":"publish","type":"post","link":"https:\/\/ultimato.com.br\/sites\/timcarriker\/2011\/06\/19\/semana-25-jo-22-26-28-23-26-17\/","title":{"rendered":"Semana 25: J\u00f3. 22.26-28; 23.16-17"},"content":{"rendered":"<p>[Elifaz]<\/p>\n<blockquote><p><em><span style=\"text-decoration: underline\">Deleitar-te-\u00e1s<\/span>, pois, no Todo-Poderoso e levantar\u00e1s o rosto para Deus. Orar\u00e1s a ele, e ele te ouvir\u00e1; e pagar\u00e1s os teus votos. Se projetas alguma coisa, ela te sair\u00e1 bem, e a luz brilhar\u00e1 em teus caminhos.<\/em><\/p><\/blockquote>\n<p>[J\u00f3]<\/p>\n<blockquote><p><em>Deus \u00e9 quem me fez <span style=\"text-decoration: underline\">desmaiar<\/span> o cora\u00e7\u00e3o, e o Todo-Poderoso, quem me <span style=\"text-decoration: underline\">perturbou<\/span>, porque n\u00e3o estou <span style=\"text-decoration: underline\">desfalecido<\/span> por causa das trevas, nem porque a escurid\u00e3o cobre o meu rosto.<br \/>\n<\/em><\/p><\/blockquote>\n<p><strong>Reflex\u00e3o<\/strong><\/p>\n<p>Bel\u00edssimas estas palavras de Elifaz, n\u00e3o achas? N\u00e3o s\u00e3o as palavras que desejas falar, ou at\u00e9 que falas, para as pessoas amadas nossas que desejamos que caminhem com o Senhor? Ora, acho t\u00e3o chato ter que dizer o seguinte, mas as palavras de Elifaz n\u00e3o s\u00e3o palavras acertadas. Pelo menos, quando foram ditas, n\u00e3o eram apropriadas para a situa\u00e7\u00e3o de J\u00f3. Por mais que Elifaz queria desafiar e confortar J\u00f3, a cruel realidade do mundo em vivemos, e mundo criado por Deus, \u00e9 que nem sempre as coisas se v\u00e3o bem para aqueles que vivem de modo \u00edntegro diante de Deus, certamente n\u00e3o o tempo todo.<\/p>\n<p>Tudo bem. At\u00e9 aqui, esta \u00e9 a mesma mensagem que temos visto ao longo do estudo de J\u00f3. Nenhuma novidade. Mas vejamos a resposta de J\u00f3 para Elifaz. Ela \u00e9 especialmente\u00a0instrutiva. Se Deus \u00e9 mesmo soberano no sentido de nos surpreender e at\u00e9 permitir que sejamos gravemente afligidos (mesmo que n\u00e3o para a morte \u2014 1 Cor\u00edntios 10.13), \u00e0s vezes o nosso relacionamento com ele \u00e9 de desmaio, perturba\u00e7\u00e3o e\u00a0desfalecimento. E este relacionamento n\u00e3o \u00e9 antag\u00f4nico ao de \u201cdeleitar-se\u201d. Da mesma forma, tanto amamos os nossos pais humanos quanto, quando s\u00e3o bons pais que tamb\u00e9m disciplinam, os tememos, isto \u00e9, temos um profundo respeito por eles.<\/p>\n<p>O que me impressiona nestes cap\u00edtulos \u00e9 a resolu\u00e7\u00e3o de J\u00f3. Ele <em>n\u00e3o tinha d\u00favida<\/em> que amava e servia a Deus com integridade. N\u00e3o tinha d\u00favida nenhuma apesar da orienta\u00e7\u00e3o persistente contr\u00e1ria dos seus amigos. Mas tamb\u00e9m n\u00e3o sabia\u00a0<em>o que fazer<\/em>, pois diante dum Deus que permite afli\u00e7\u00f5es tremendas nas nossas vidas, o que fazer?<\/p>\n<p>Ora, J\u00f3 n\u00e3o achava respostas f\u00e1ceis para esta pergunta, certamente n\u00e3o dos seus amigos. E longe de mim fazer o papel destes amigos dando uma resposta destas. Temos que esperar alguns bons cap\u00edtulos para entender o que Deus queria fazer na vida de J\u00f3. E na vida real, n\u00f3s tamb\u00e9m, \u00e0s vezes, temos que esperar um bom tempo antes de percebermos o que Deus est\u00e1 querendo fazer nas nossas vidas.<\/p>\n<p><strong>Ora\u00e7\u00e3o<\/strong><\/p>\n<blockquote><p><em>Pai amado, veja a nossa fragilidade e n\u00e3o permita que as afli\u00e7\u00f5es nos esmaguem. Venha nos socorrer nas nossas ang\u00fastias para que possamos nos deleitar verdadeiramente na Tua presen\u00e7a. Em nome de Jesus. Am\u00e9m.<\/em><\/p><\/blockquote>\n","protected":false},"excerpt":{"rendered":"<p>[Elifaz] Deleitar-te-\u00e1s, pois, no Todo-Poderoso e levantar\u00e1s o rosto para Deus. Orar\u00e1s a ele, e ele te ouvir\u00e1; e pagar\u00e1s os teus votos. Se projetas alguma coisa, ela te sair\u00e1 bem, e a luz brilhar\u00e1 em teus caminhos. [J\u00f3] Deus \u00e9 quem me fez desmaiar o cora\u00e7\u00e3o, e o Todo-Poderoso, quem me perturbou, porque n\u00e3o [&hellip;]<\/p>\n","protected":false},"author":25,"featured_media":0,"comment_status":"open","ping_status":"open","sticky":false,"template":"","format":"standard","meta":{"ngg_post_thumbnail":0,"footnotes":""},"categories":[25819],"tags":[],"class_list":["post-664","post","type-post","status-publish","format-standard","hentry","category-jo"],"_links":{"self":[{"href":"https:\/\/ultimato.com.br\/sites\/timcarriker\/wp-json\/wp\/v2\/posts\/664","targetHints":{"allow":["GET"]}}],"collection":[{"href":"https:\/\/ultimato.com.br\/sites\/timcarriker\/wp-json\/wp\/v2\/posts"}],"about":[{"href":"https:\/\/ultimato.com.br\/sites\/timcarriker\/wp-json\/wp\/v2\/types\/post"}],"author":[{"embeddable":true,"href":"https:\/\/ultimato.com.br\/sites\/timcarriker\/wp-json\/wp\/v2\/users\/25"}],"replies":[{"embeddable":true,"href":"https:\/\/ultimato.com.br\/sites\/timcarriker\/wp-json\/wp\/v2\/comments?post=664"}],"version-history":[{"count":1,"href":"https:\/\/ultimato.com.br\/sites\/timcarriker\/wp-json\/wp\/v2\/posts\/664\/revisions"}],"predecessor-version":[{"id":2228,"href":"https:\/\/ultimato.com.br\/sites\/timcarriker\/wp-json\/wp\/v2\/posts\/664\/revisions\/2228"}],"wp:attachment":[{"href":"https:\/\/ultimato.com.br\/sites\/timcarriker\/wp-json\/wp\/v2\/media?parent=664"}],"wp:term":[{"taxonomy":"category","embeddable":true,"href":"https:\/\/ultimato.com.br\/sites\/timcarriker\/wp-json\/wp\/v2\/categories?post=664"},{"taxonomy":"post_tag","embeddable":true,"href":"https:\/\/ultimato.com.br\/sites\/timcarriker\/wp-json\/wp\/v2\/tags?post=664"}],"curies":[{"name":"wp","href":"https:\/\/api.w.org\/{rel}","templated":true}]}}