{"id":660,"date":"2011-06-13T17:00:21","date_gmt":"2011-06-13T19:00:21","guid":{"rendered":"http:\/\/escriturasagrada.com\/?p=660"},"modified":"2011-06-13T17:00:21","modified_gmt":"2011-06-13T19:00:21","slug":"semana-24-jo-22-17-18-20b","status":"publish","type":"post","link":"https:\/\/ultimato.com.br\/sites\/timcarriker\/2011\/06\/13\/semana-24-jo-22-17-18-20b\/","title":{"rendered":"Semana 24: J\u00f3 22.17-18, 20b"},"content":{"rendered":"<p>[Elifaz]<\/p>\n<blockquote><p><em>A Deus eles [os maus] diziam: \u2018Deixa-nos em paz!\u2019 E comentavam: \u2018O que pode o Todo-Poderoso fazer em nosso favor?\u2019 Foi Deus quem encheu de coisas boas as casas dos maus, por\u00e9m eu n\u00e3o quero pensar como eles&#8230; as riquezas dos maus s\u00e3o destru\u00eddas e que as sobras s\u00e3o devoradas pelo fogo.<\/em><\/p><\/blockquote>\n<p><strong>Reflex\u00e3o<\/strong><\/p>\n<p>Novamente, a fala de Elifaz, amigo do J\u00f3, est\u00e1 correto, embora o seu pressuposto, que J\u00f3 seja um destes maus, seja errado. Muitas pessoas, no nosso tempo e no tempo de J\u00f3, n\u00e3o est\u00e3o \u201cnem a\u00ed\u201d com a religi\u00e3o. \u00c9 como se falassem para Deus, \u201cdeixa-nos em paz! O que pode o Todo-Poderoso, ou at\u00e9 mesmo a religi\u00e3o, fazer em nosso favor?\u201d Isto descreve muito bem a atitude de muitos dos nossos vizinhos, colegas de trabalho ou de estudo e at\u00e9 mesmo amigos. N\u00e3o querem nada com a religi\u00e3o e se irritam ou se aborrecem se a gente fala alguma coisa nesta dire\u00e7\u00e3o.<\/p>\n<p>Mas se aborrecer \u00e9 at\u00e9 bom. Pois indica que a pessoa est\u00e1 incomodada, e se est\u00e1 incomodada, provavelmente seja por causa suas convic\u00e7\u00f5es mais \u00edntimas n\u00e3o s\u00e3o t\u00e3o ate\u00edstas. N\u00e3o que isto seja carta-branca para a gente aborrecer as pessoas demasiadamente \u201cem nome da f\u00e9.\u201d Claro, devemos sempre estar prontos para dar uma boa palavra a respeito das nossas convic\u00e7\u00f5es. Mas normalmente a \u201cousadia de falar\u201d rende mais quando temperada pelo tato e sensibilidade genu\u00edna.<\/p>\n<p>Elifaz acerta, sim, nesta observa\u00e7\u00e3o a respeito dos maus, mesmo errando na aplica\u00e7\u00e3o para o caso de J\u00f3. Mas apesar deste acerto, Elifaz, mais adiante, acaba tirando conclus\u00f5es equivocadas a respeito dos pr\u00f3prios maus. Pois, se ele afirma (corretamente) que \u201cfoi Deus quem encheu de coisas boas as casas dos maus\u201d, o que dizer da sua conclus\u00e3o contradit\u00f3ria no vers\u00edculo 20, \u201cas riquezas dos maus s\u00e3o destru\u00eddas&#8230;\u201d? Mais correto ainda \u00e9 a perspectiva do J\u00f3 no cap\u00edtulo anterior inteiro onde os maus continuam bem at\u00e9 \u00e0 velhice (por exemplo, 21.7). O fato \u00e9 que Elifaz e J\u00f3 conhecem, pelas suas viv\u00eancias, casos em que os ricos se d\u00e3o bem at\u00e9 a morte e outros casos que se danam. Claro, \u00e9 f\u00e1cil concluir que quando se danam \u00e9 pelo castigo de Deus. Mas como interpretar os muitos casos em que os maus se d\u00e3o bem (materialmente) o resto da vida?<\/p>\n<p>Para J\u00f3 a teologia simplista dos seus amigos, que os bons prosperam e os maus se danam, n\u00e3o d\u00e1 porque n\u00e3o explica a vida real. E certamente n\u00e3o explica o sofrimento que <em>ele<\/em> estava passando.<\/p>\n<p>Por que ser\u00e1, temos a tend\u00eancia de adotar explica\u00e7\u00f5es f\u00e1ceis e depois aplic\u00e1-las t\u00e3o facilmente \u00e0 vida dos outros&#8230; sem sensibilidade?<\/p>\n<p><strong>Ora\u00e7\u00e3o<\/strong><\/p>\n<blockquote><p><em>Pai amado, o Livro de J\u00f3 continua a desafiar as nossas pressuposi\u00e7\u00f5es. E ressalta a necessidade de nos aproximarmos de Ti. D\u00e1-nos o cora\u00e7\u00e3o de Cristo para ouvir melhor a Tua voz e atender melhor as vozes de ang\u00fastia ao nosso redor. Em Cristo Jesus, Am\u00e9m.<\/em><\/p><\/blockquote>\n<p>&nbsp;<\/p>\n","protected":false},"excerpt":{"rendered":"<p>[Elifaz] A Deus eles [os maus] diziam: \u2018Deixa-nos em paz!\u2019 E comentavam: \u2018O que pode o Todo-Poderoso fazer em nosso favor?\u2019 Foi Deus quem encheu de coisas boas as casas dos maus, por\u00e9m eu n\u00e3o quero pensar como eles&#8230; as riquezas dos maus s\u00e3o destru\u00eddas e que as sobras s\u00e3o devoradas pelo fogo. Reflex\u00e3o Novamente, [&hellip;]<\/p>\n","protected":false},"author":25,"featured_media":0,"comment_status":"open","ping_status":"open","sticky":false,"template":"","format":"standard","meta":{"ngg_post_thumbnail":0,"footnotes":""},"categories":[25819],"tags":[],"class_list":["post-660","post","type-post","status-publish","format-standard","hentry","category-jo"],"_links":{"self":[{"href":"https:\/\/ultimato.com.br\/sites\/timcarriker\/wp-json\/wp\/v2\/posts\/660","targetHints":{"allow":["GET"]}}],"collection":[{"href":"https:\/\/ultimato.com.br\/sites\/timcarriker\/wp-json\/wp\/v2\/posts"}],"about":[{"href":"https:\/\/ultimato.com.br\/sites\/timcarriker\/wp-json\/wp\/v2\/types\/post"}],"author":[{"embeddable":true,"href":"https:\/\/ultimato.com.br\/sites\/timcarriker\/wp-json\/wp\/v2\/users\/25"}],"replies":[{"embeddable":true,"href":"https:\/\/ultimato.com.br\/sites\/timcarriker\/wp-json\/wp\/v2\/comments?post=660"}],"version-history":[{"count":0,"href":"https:\/\/ultimato.com.br\/sites\/timcarriker\/wp-json\/wp\/v2\/posts\/660\/revisions"}],"wp:attachment":[{"href":"https:\/\/ultimato.com.br\/sites\/timcarriker\/wp-json\/wp\/v2\/media?parent=660"}],"wp:term":[{"taxonomy":"category","embeddable":true,"href":"https:\/\/ultimato.com.br\/sites\/timcarriker\/wp-json\/wp\/v2\/categories?post=660"},{"taxonomy":"post_tag","embeddable":true,"href":"https:\/\/ultimato.com.br\/sites\/timcarriker\/wp-json\/wp\/v2\/tags?post=660"}],"curies":[{"name":"wp","href":"https:\/\/api.w.org\/{rel}","templated":true}]}}