{"id":651,"date":"2011-06-07T11:34:55","date_gmt":"2011-06-07T13:34:55","guid":{"rendered":"http:\/\/escriturasagrada.com\/?p=651"},"modified":"2011-06-07T11:34:55","modified_gmt":"2011-06-07T13:34:55","slug":"semana-23-jo-22-6-9","status":"publish","type":"post","link":"https:\/\/ultimato.com.br\/sites\/timcarriker\/2011\/06\/07\/semana-23-jo-22-6-9\/","title":{"rendered":"Semana 23: J\u00f3 22.6-9"},"content":{"rendered":"<p>[Elifaz]<\/p>\n<blockquote><p><em>Como garantia de um pequeno empr\u00e9stimo, voc\u00ea ficava com as roupas dos seus patr\u00edcios e assim os deixava nus. Voc\u00ea n\u00e3o dava \u00e1gua para as pessoas cansadas nem comida aos que tinham fome. Voc\u00ea usou a sua posi\u00e7\u00e3o e o seu poder para se tornar o dono da terra. Voc\u00ea roubou e maltratou os \u00f3rf\u00e3os e nunca ajudou as vi\u00favas.<\/em><\/p><\/blockquote>\n<p><strong>Reflex\u00e3o<\/strong><\/p>\n<p>Como observamos ao longo destas reflex\u00f5es, os amigos de J\u00f3 acusaram J\u00f3 falsamente. Parece-nos que eram sinceros mas mesmo assim, a acusa\u00e7\u00e3o n\u00e3o competia. Mas se a acusa\u00e7\u00e3o era falsa, o pressuposto a respeito daquilo que desagrada Deus estava cert\u00edssimo.<\/p>\n<p>Deus, de fato, se aborrece de quem pratica injusti\u00e7a de qualquer sorte, quer seja enriquecer-se aos custos do empobrecimento dos outros, deixar de mostrar miseric\u00f3rdia, ou qualquer tipo de explora\u00e7\u00e3o a fim de tomar posse do poder. Nisto tudo, certos atos eram especialmente graves: maltratar os \u00f3rf\u00e3os e a neglig\u00eancia de socorrer as vi\u00favas. Interessante que s\u00e3o estas injusti\u00e7as que definem o conceito de \u201cpecado\u201d mencionado no vers\u00edculo anterior, v. 5.<\/p>\n<p>Isto \u00e9 importante porque popularmente o pecado \u00e9 geralmente concebido em termos individuais e morais. Isto \u00e9, o pecado seria aquele delito que eu cometo individualmente. A mentira, os maus pensamentos, a inveja, a cobi\u00e7a, e a pornografia s\u00e3o alguns exemplos. Enquanto \u00e9 justo pensar nestes delitos como pecados, a defini\u00e7\u00e3o dada por Elifaz n\u00e3o puxa para este lado mas enfatiza o mal que cometemos em rela\u00e7\u00e3o ao nosso pr\u00f3ximo, especialmente as injusti\u00e7as ou neglig\u00eancias que prejudicam as pessoas socialmente fr\u00e1geis.<\/p>\n<p>\u00c9 bem prov\u00e1vel que isto n\u00e3o seja nenhuma novidade para a grande maioria que acompanha estes devocionais. Estamos \u201ccansados de saber\u201d isto. Sim. Por que ent\u00e3o isto ainda nos incomoda? Ou n\u00e3o te incomoda?<\/p>\n<p><strong>Ora\u00e7\u00e3o<\/strong><\/p>\n<blockquote><p><em>Crentes de carreira somos muito de n\u00f3s, \u00f3 Pai. E ainda relutamos em refletir a Tua miseric\u00f3rdia. Sejas misericoridoso para conosco e graves no nosso interior a fome e a sede pela Tua justi\u00e7a dentro de n\u00f3s e por meio de n\u00f3s demonstrada nos nossos relacionamentos. Em nome de Jesus. Am\u00e9m.<\/em><\/p><\/blockquote>\n","protected":false},"excerpt":{"rendered":"<p>[Elifaz] Como garantia de um pequeno empr\u00e9stimo, voc\u00ea ficava com as roupas dos seus patr\u00edcios e assim os deixava nus. Voc\u00ea n\u00e3o dava \u00e1gua para as pessoas cansadas nem comida aos que tinham fome. Voc\u00ea usou a sua posi\u00e7\u00e3o e o seu poder para se tornar o dono da terra. Voc\u00ea roubou e maltratou os [&hellip;]<\/p>\n","protected":false},"author":25,"featured_media":0,"comment_status":"open","ping_status":"open","sticky":false,"template":"","format":"standard","meta":{"ngg_post_thumbnail":0,"footnotes":""},"categories":[25819],"tags":[],"class_list":["post-651","post","type-post","status-publish","format-standard","hentry","category-jo"],"_links":{"self":[{"href":"https:\/\/ultimato.com.br\/sites\/timcarriker\/wp-json\/wp\/v2\/posts\/651","targetHints":{"allow":["GET"]}}],"collection":[{"href":"https:\/\/ultimato.com.br\/sites\/timcarriker\/wp-json\/wp\/v2\/posts"}],"about":[{"href":"https:\/\/ultimato.com.br\/sites\/timcarriker\/wp-json\/wp\/v2\/types\/post"}],"author":[{"embeddable":true,"href":"https:\/\/ultimato.com.br\/sites\/timcarriker\/wp-json\/wp\/v2\/users\/25"}],"replies":[{"embeddable":true,"href":"https:\/\/ultimato.com.br\/sites\/timcarriker\/wp-json\/wp\/v2\/comments?post=651"}],"version-history":[{"count":0,"href":"https:\/\/ultimato.com.br\/sites\/timcarriker\/wp-json\/wp\/v2\/posts\/651\/revisions"}],"wp:attachment":[{"href":"https:\/\/ultimato.com.br\/sites\/timcarriker\/wp-json\/wp\/v2\/media?parent=651"}],"wp:term":[{"taxonomy":"category","embeddable":true,"href":"https:\/\/ultimato.com.br\/sites\/timcarriker\/wp-json\/wp\/v2\/categories?post=651"},{"taxonomy":"post_tag","embeddable":true,"href":"https:\/\/ultimato.com.br\/sites\/timcarriker\/wp-json\/wp\/v2\/tags?post=651"}],"curies":[{"name":"wp","href":"https:\/\/api.w.org\/{rel}","templated":true}]}}