{"id":635,"date":"2011-05-18T21:59:32","date_gmt":"2011-05-18T23:59:32","guid":{"rendered":"http:\/\/escriturasagrada.com\/?p=635"},"modified":"2011-05-18T21:59:32","modified_gmt":"2011-05-18T23:59:32","slug":"semana-20-jo-19-28-20-2","status":"publish","type":"post","link":"https:\/\/ultimato.com.br\/sites\/timcarriker\/2011\/05\/18\/semana-20-jo-19-28-20-2\/","title":{"rendered":"Semana 20: J\u00f3 19.28-20.3"},"content":{"rendered":"<blockquote><p>[J\u00f3:] <em>\u201cVoc\u00eas dizem: \u2018Como foi que n\u00f3s o atormentamos? A causa desta desgra\u00e7a est\u00e1 nele mesmo.\u2019 Mas tenham medo da espada, a espada com que Deus castiga a maldade. Fiquem sabendo que h\u00e1 algu\u00e9m que nos julga.\u201d<\/em><\/p>\n<p>Ent\u00e3o Zofar, da regi\u00e3o de Naam\u00e1, em resposta disse: <em>\u201cJ\u00f3, voc\u00ea me deixou perturbado, e por isso respondo logo. As suas repreens\u00f5es s\u00e3o um insulto, mas eu sei dar a resposta certa&#8230;<\/em><\/p><\/blockquote>\n<p><strong>Reflex\u00e3o<\/strong><\/p>\n<p>Depois daquela magn\u00edfica afirma\u00e7\u00e3o da sua f\u00e9 que lemos no devocional anterior\u2014\u201cPois eu sei que o meu defensor vive; no fim, ele vir\u00e1 me defender aqui na terra\u201d\u2014J\u00f3 conclui com o severo aviso acima que Deus castiga a maldade. \u00c9 mais que evidente que J\u00f3 se refere \u00e0s falsas acusa\u00e7\u00f5es dos amigos sobre a raz\u00e3o (pecado) das desgra\u00e7as que ele sofria. De fato, esta \u00e9 a conversa que estamos j\u00e1 acostumados a ouvir ao longo dos cap\u00edtulos anteriores. Mas o susto \u00e9 o seguinte&#8230;<\/p>\n<p>J\u00f3 acaba de falar estas palavras, e um dos seus amigos, evidentemente surdo ao aviso que J\u00f3 acabara de dar, come\u00e7a novamente a julgar J\u00f3 como culpado de pecado. Zofar faz isso, obviamente pensando que est\u00e1 certo, mas, como bem sabemos, n\u00e3o est\u00e1. At\u00e9 ent\u00e3o nenhuma novidade. Mas o susto que eu levo \u00e9 de contemplar que Zofar acaba se tornando alvo do aviso terr\u00edvel de J\u00f3: \u201ctenham medo da espada, a espada com que Deus castiga a maldade. Fiquem sabendo que h\u00e1 algu\u00e9m que nos julga.\u201d Se eu fosse Zofar, o aviso de J\u00f3 j\u00e1 seria suficiente para eu pensar duas vezes antes de responder da maneira habitual. Mesmo que pensasse que J\u00f3 est\u00e1 em pecado, acho que eu n\u00e3o iria me arriscar mais em falar assim abertamente. Mas Zofar parece n\u00e3o estar nem a\u00ed!<\/p>\n<p>Como este papel de porta-voz de Deus, de ser conselheiro aos aflitos e ouvido atento para os sofridos \u00e9 uma responsabilidade enorme! Eu sei, eu sei, eu sei, j\u00e1 falamos isto antes (mas o Livro de J\u00f3 continua nos dando a mesma li\u00e7\u00e3o): sejamos moderados ao dar conselho, r\u00e1pidos e super atentos para ouvir e discernir, e lentos, toda a vida lentos para falar. Isto n\u00e3o ser\u00e1 falta de ousadia. Apenas \u00e9 assumir a humildade de servo no trato do nosso pr\u00f3ximo (especialmente quando for <em>amigo<\/em>!)<\/p>\n<p><strong>Ora\u00e7\u00e3o<\/strong><\/p>\n<blockquote><p><em>Pai, quando lemos o Livro de J\u00f3, ficamos totalmente desmotivados de aconselhar os outros. Mas sabemos que isto tamb\u00e9m n\u00e3o seria certo. Afine os nossos cora\u00e7\u00f5es ao seu. D\u00ea-nos a mente de Cristo para discernirmos quando consolar, quando exortar e quando nos calar. Em nome de Jesus. Am\u00e9m.<\/em><\/p><\/blockquote>\n","protected":false},"excerpt":{"rendered":"<p>[J\u00f3:] \u201cVoc\u00eas dizem: \u2018Como foi que n\u00f3s o atormentamos? A causa desta desgra\u00e7a est\u00e1 nele mesmo.\u2019 Mas tenham medo da espada, a espada com que Deus castiga a maldade. Fiquem sabendo que h\u00e1 algu\u00e9m que nos julga.\u201d Ent\u00e3o Zofar, da regi\u00e3o de Naam\u00e1, em resposta disse: \u201cJ\u00f3, voc\u00ea me deixou perturbado, e por isso respondo [&hellip;]<\/p>\n","protected":false},"author":25,"featured_media":0,"comment_status":"open","ping_status":"open","sticky":false,"template":"","format":"standard","meta":{"ngg_post_thumbnail":0,"footnotes":""},"categories":[25819],"tags":[],"class_list":["post-635","post","type-post","status-publish","format-standard","hentry","category-jo"],"_links":{"self":[{"href":"https:\/\/ultimato.com.br\/sites\/timcarriker\/wp-json\/wp\/v2\/posts\/635","targetHints":{"allow":["GET"]}}],"collection":[{"href":"https:\/\/ultimato.com.br\/sites\/timcarriker\/wp-json\/wp\/v2\/posts"}],"about":[{"href":"https:\/\/ultimato.com.br\/sites\/timcarriker\/wp-json\/wp\/v2\/types\/post"}],"author":[{"embeddable":true,"href":"https:\/\/ultimato.com.br\/sites\/timcarriker\/wp-json\/wp\/v2\/users\/25"}],"replies":[{"embeddable":true,"href":"https:\/\/ultimato.com.br\/sites\/timcarriker\/wp-json\/wp\/v2\/comments?post=635"}],"version-history":[{"count":1,"href":"https:\/\/ultimato.com.br\/sites\/timcarriker\/wp-json\/wp\/v2\/posts\/635\/revisions"}],"predecessor-version":[{"id":2226,"href":"https:\/\/ultimato.com.br\/sites\/timcarriker\/wp-json\/wp\/v2\/posts\/635\/revisions\/2226"}],"wp:attachment":[{"href":"https:\/\/ultimato.com.br\/sites\/timcarriker\/wp-json\/wp\/v2\/media?parent=635"}],"wp:term":[{"taxonomy":"category","embeddable":true,"href":"https:\/\/ultimato.com.br\/sites\/timcarriker\/wp-json\/wp\/v2\/categories?post=635"},{"taxonomy":"post_tag","embeddable":true,"href":"https:\/\/ultimato.com.br\/sites\/timcarriker\/wp-json\/wp\/v2\/tags?post=635"}],"curies":[{"name":"wp","href":"https:\/\/api.w.org\/{rel}","templated":true}]}}