{"id":599,"date":"2011-04-19T11:57:19","date_gmt":"2011-04-19T14:57:19","guid":{"rendered":"http:\/\/escriturasagrada.com\/?p=599"},"modified":"2012-02-16T15:55:30","modified_gmt":"2012-02-16T18:55:30","slug":"semana-16-jo-12-1-3","status":"publish","type":"post","link":"https:\/\/ultimato.com.br\/sites\/timcarriker\/2011\/04\/19\/semana-16-jo-12-1-3\/","title":{"rendered":"Semana 16: J\u00f3 12.1-3"},"content":{"rendered":"<blockquote><p><em>Ent\u00e3o em resposta J\u00f3 disse:<\/em><br \/>\n<em> \u201cSem d\u00favida, voc\u00eas s\u00e3o a voz do povo, e, quando morrerem, n\u00e3o haver\u00e1 mais sabedoria&#8230;Mas eu tamb\u00e9m entendo as coisas e n\u00e3o sou menos do que voc\u00eas. Quem n\u00e3o sabe isso que voc\u00eas disseram?<\/em><\/p><\/blockquote>\n<p><strong>Reflex\u00e3o<\/strong><\/p>\n<p>Aconteceu na semana passada. Era apenas a nossa segunda vez naquela reuni\u00e3o dum pequeno grupo de pessoas procurando implantar o evangelho no seu bairro. Eu e a minha esposa n\u00e3o conhecemos metade das pessoas que estavam l\u00e1. Pediram que eu trouxesse a palavra, o que eu fiz.<\/p>\n<p>De repente, uma jovem senhora deu uma de J\u00f3&#8230;e com todo o capriche. Falou energeticamente e muito frustrada, \u201cpor que Deus me abandonou? Por que n\u00e3o responde as minhas ora\u00e7\u00f5es. N\u00e3o fiz nada errado&#8230;\u201d E n\u00e3o parou a\u00ed. Falou e reclamou com toda a seriedade um temp\u00e3o e deixou um sil\u00eancio, at\u00e9 mesmo um espanto, pairando na reuni\u00e3o. J\u00e1 v\u00ed este tipo de confus\u00e3o antes, mas nunca desta dimens\u00e3o.<\/p>\n<p>Ent\u00e3o vieram os conselhos, praticamente de todo mundo, eu inclusivo. Conselhos bons? A maioria sim. Conselhos acertados? N\u00e3o fa\u00e7o id\u00e9ia porque ainda n\u00e3o sei direito o que aquela senhora passava. Mas uma coisa me impressionou: ela escutava cada um que falava\u00a0<em>sem nunca interromper<\/em>. Mas no final de cada conselho, parecia que todo isto era de pouca ou de nenhuma ajuda.<\/p>\n<p>J\u00f3 tamb\u00e9m escutavam as respostas longas dos seus amigos&#8230;<em>sem nunca interromp\u00ea<\/em>-los. E embora seja poss\u00edvel, at\u00e9 compreens\u00edvel, entender a sua resposta acima como ironia, acredito que ele estava falando sinceramente quando dizia que quando os amigos morrerem n\u00e3o haver\u00e1 mais sabedoria (bem, talvez estivesse exagerando um pouco!).<\/p>\n<p>Impressionante! Como eu gostaria de ter a mesma paci\u00eancia de ouvir o conselho de amigos, mesmo quando \u00e9 tudo furado. Lamentavelmente conhe\u00e7o de outra sorte grandes l\u00edderes crist\u00e3os que n\u00e3o conseguem ouvir nem sequer uma senten\u00e7a (!) inteira a seu respeito sem\u00a0interromper\u00a0para se defender.<\/p>\n<p><strong>Ora\u00e7\u00e3o<\/strong><\/p>\n<blockquote><p><em>Deus tenha miseric\u00f3rdia de n\u00f3s! Am\u00e9m.<\/em><\/p><\/blockquote>\n","protected":false},"excerpt":{"rendered":"<p>Ent\u00e3o em resposta J\u00f3 disse: \u201cSem d\u00favida, voc\u00eas s\u00e3o a voz do povo, e, quando morrerem, n\u00e3o haver\u00e1 mais sabedoria&#8230;Mas eu tamb\u00e9m entendo as coisas e n\u00e3o sou menos do que voc\u00eas. Quem n\u00e3o sabe isso que voc\u00eas disseram? Reflex\u00e3o Aconteceu na semana passada. Era apenas a nossa segunda vez naquela reuni\u00e3o dum pequeno grupo [&hellip;]<\/p>\n","protected":false},"author":25,"featured_media":0,"comment_status":"open","ping_status":"open","sticky":false,"template":"","format":"standard","meta":{"ngg_post_thumbnail":0,"footnotes":""},"categories":[5447,25819],"tags":[],"class_list":["post-599","post","type-post","status-publish","format-standard","hentry","category-devocional","category-jo"],"_links":{"self":[{"href":"https:\/\/ultimato.com.br\/sites\/timcarriker\/wp-json\/wp\/v2\/posts\/599","targetHints":{"allow":["GET"]}}],"collection":[{"href":"https:\/\/ultimato.com.br\/sites\/timcarriker\/wp-json\/wp\/v2\/posts"}],"about":[{"href":"https:\/\/ultimato.com.br\/sites\/timcarriker\/wp-json\/wp\/v2\/types\/post"}],"author":[{"embeddable":true,"href":"https:\/\/ultimato.com.br\/sites\/timcarriker\/wp-json\/wp\/v2\/users\/25"}],"replies":[{"embeddable":true,"href":"https:\/\/ultimato.com.br\/sites\/timcarriker\/wp-json\/wp\/v2\/comments?post=599"}],"version-history":[{"count":2,"href":"https:\/\/ultimato.com.br\/sites\/timcarriker\/wp-json\/wp\/v2\/posts\/599\/revisions"}],"predecessor-version":[{"id":938,"href":"https:\/\/ultimato.com.br\/sites\/timcarriker\/wp-json\/wp\/v2\/posts\/599\/revisions\/938"}],"wp:attachment":[{"href":"https:\/\/ultimato.com.br\/sites\/timcarriker\/wp-json\/wp\/v2\/media?parent=599"}],"wp:term":[{"taxonomy":"category","embeddable":true,"href":"https:\/\/ultimato.com.br\/sites\/timcarriker\/wp-json\/wp\/v2\/categories?post=599"},{"taxonomy":"post_tag","embeddable":true,"href":"https:\/\/ultimato.com.br\/sites\/timcarriker\/wp-json\/wp\/v2\/tags?post=599"}],"curies":[{"name":"wp","href":"https:\/\/api.w.org\/{rel}","templated":true}]}}