{"id":525,"date":"2011-02-16T08:55:52","date_gmt":"2011-02-16T10:55:52","guid":{"rendered":"http:\/\/escriturasagrada.com\/?p=525"},"modified":"2011-02-16T08:55:52","modified_gmt":"2011-02-16T10:55:52","slug":"semana-7-jo-4-1-5-7","status":"publish","type":"post","link":"https:\/\/ultimato.com.br\/sites\/timcarriker\/2011\/02\/16\/semana-7-jo-4-1-5-7\/","title":{"rendered":"Semana 7: J\u00f3 4.1-5.7"},"content":{"rendered":"<blockquote><p><em>A afli\u00e7\u00e3o n\u00e3o brota da terra;<\/em><br \/>\n<em>a desgra\u00e7a n\u00e3o nasce do ch\u00e3o:<\/em><br \/>\n<em>somos n\u00f3s mesmos que causamos o sofrimento,<\/em><br \/>\n<em>t\u00e3o certo como as fa\u00edscas das brasas voam para cima.<\/em> (J\u00f3 5.6-7 NTLH)<\/p><\/blockquote>\n<p><strong>Reflex\u00e3o<\/strong><\/p>\n<p>Desculpe te dar este trabalho, mas realmente \u00e9 preciso ler a passagem toda, todo o cap\u00edtulo 4 e os primeiros sete vers\u00edculos do cap\u00edtulo 5. Aqui, um dos amigos de J\u00f3 come\u00e7a a falar. A gente havia louvado o seu sil\u00eancio e solidariedade com J\u00f3 nas \u00faltimas reflex\u00f5es. E aqui, Elifaz come\u00e7a bem, pois antes de levantar qualquer cr\u00edtica, ele elogia J\u00f3 pela for\u00e7a que d\u00e1 \u00e0s pessoas desanimadas (4.2-4). Come\u00e7ar elogiando geralmente \u00e9 uma boa estrat\u00e9gia de consola\u00e7\u00e3o. Mas neste caso, durou muito pouco. Logo Elifaz questiona a falta de f\u00e9 de J\u00f3 (4.5-6). Pior, o seu racioc\u00ednio \u00e9 aquele do evangelho da prosperidade e da compensa\u00e7\u00e3o que \u00e9 f\u00e1cil resumir: cada um recebe o que merece (4.7-11).<\/p>\n<p>Pior ainda, \u2014 e lamento dizer, mas na observa\u00e7\u00e3o que se segue eu sinto cheiro da minha pr\u00f3pria ra\u00e7a, a &#8220;ra\u00e7a&#8221; dos pastores \u2014 Elifaz n\u00e3o resiste \u00e0 tenta\u00e7\u00e3o do discurso da auto-legitima\u00e7\u00e3o espiritual e reivindica a inspira\u00e7\u00e3o divina de modo nada sut\u00edl (4.12-16). \u00c9 aquele papo de &#8220;Deus me revelou&#8221; ou &#8220;Deus me deu esta palavra&#8221;. Pode me achar muito mundano, mas confesso que frases assim me d\u00e3o arrepio. E s\u00e3o frases corriqueiras entre a lideran\u00e7a evang\u00e9lica. \u00c9 a tenta\u00e7\u00e3o de ser voz de Deus absoluto ao inv\u00e9s de mero servo dele, que enxerga obscuramente como por um espelho ee cujo &#8220;conhecimento&#8221; \u00e9 imperfeito (inclusive a habilidade de escrever devocionais).<\/p>\n<p>E o que \u00e9 que Elifaz foi &#8220;inspirado&#8221; para dizer a J\u00f3? Isto: &#8220;sofres porque mereces!&#8221;(5.6-7, os vers\u00edculos acima citados). Mas pare para pensar um pouquinho. Elifaz foi coerente com a sua teologia, a teologia da prosperidade e da compensa\u00e7\u00e3o. Coerente com um teologia errada. Coerente porque esta teologia leva mesmo para a arrog\u00e2ncia. E o c\u00fbmulo da arrog\u00e2ncia \u00e9 quando confundimos o nosso pensamento com a voz de Deus. &#8220;Minha&#8221; opini\u00e3o n\u00e3o \u00e9 mais minha. \u00c9 divina. Por isto, favor, bede\u00e7a!<\/p>\n<p>Hoje \u00e0 tarde voltei do hospital. Nada s\u00e9rio, por\u00e9m doloroso. Duas pedras de rim. Minha esposa ficou comigo durante toda o drama que come\u00e7ou na sexta-feira \u00e0 noite. Acompanhou-me silenciosamente sem partir para &#8220;explica\u00e7\u00f5es&#8221;. N\u00e3o precisava. A dor j\u00e1 d\u00e1 conta de nos acusar sem subs\u00eddios.<\/p>\n<p>E n\u00f3s vivemos ainda dentro dum contexto de muito sofrimento causados por mudan\u00e7as clim\u00e1ticas e viol\u00eancia sociais. Somos povo de Deus. Como respondemos? Como n\u00e3o responder?<\/p>\n<p><strong>Ora\u00e7\u00e3o<\/strong><\/p>\n<blockquote><p>Pai, somos como os amigos de J\u00f3. Acertamos na solidariedade e fracassamos ao mesmo tempo miser\u00e1velmente. Quermos ouvir a tua voz interna, sem preten\u00e7\u00e3o de ocupar o teu lugar. D\u00ea-nos humildade como a de\u00a0 Jesus. D\u00ea-nos o esp\u00edrito de miseric\u00f3rdia e justi\u00e7a, tamb\u00e9m como teu filho nos demonstrou. Em nome dele oramos. Am\u00e9m<\/p><\/blockquote>\n","protected":false},"excerpt":{"rendered":"<p>A afli\u00e7\u00e3o n\u00e3o brota da terra; a desgra\u00e7a n\u00e3o nasce do ch\u00e3o: somos n\u00f3s mesmos que causamos o sofrimento, t\u00e3o certo como as fa\u00edscas das brasas voam para cima. (J\u00f3 5.6-7 NTLH) Reflex\u00e3o Desculpe te dar este trabalho, mas realmente \u00e9 preciso ler a passagem toda, todo o cap\u00edtulo 4 e os primeiros sete vers\u00edculos [&hellip;]<\/p>\n","protected":false},"author":25,"featured_media":0,"comment_status":"open","ping_status":"open","sticky":false,"template":"","format":"standard","meta":{"ngg_post_thumbnail":0,"footnotes":""},"categories":[25819],"tags":[],"class_list":["post-525","post","type-post","status-publish","format-standard","hentry","category-jo"],"_links":{"self":[{"href":"https:\/\/ultimato.com.br\/sites\/timcarriker\/wp-json\/wp\/v2\/posts\/525","targetHints":{"allow":["GET"]}}],"collection":[{"href":"https:\/\/ultimato.com.br\/sites\/timcarriker\/wp-json\/wp\/v2\/posts"}],"about":[{"href":"https:\/\/ultimato.com.br\/sites\/timcarriker\/wp-json\/wp\/v2\/types\/post"}],"author":[{"embeddable":true,"href":"https:\/\/ultimato.com.br\/sites\/timcarriker\/wp-json\/wp\/v2\/users\/25"}],"replies":[{"embeddable":true,"href":"https:\/\/ultimato.com.br\/sites\/timcarriker\/wp-json\/wp\/v2\/comments?post=525"}],"version-history":[{"count":0,"href":"https:\/\/ultimato.com.br\/sites\/timcarriker\/wp-json\/wp\/v2\/posts\/525\/revisions"}],"wp:attachment":[{"href":"https:\/\/ultimato.com.br\/sites\/timcarriker\/wp-json\/wp\/v2\/media?parent=525"}],"wp:term":[{"taxonomy":"category","embeddable":true,"href":"https:\/\/ultimato.com.br\/sites\/timcarriker\/wp-json\/wp\/v2\/categories?post=525"},{"taxonomy":"post_tag","embeddable":true,"href":"https:\/\/ultimato.com.br\/sites\/timcarriker\/wp-json\/wp\/v2\/tags?post=525"}],"curies":[{"name":"wp","href":"https:\/\/api.w.org\/{rel}","templated":true}]}}