{"id":513,"date":"2011-02-07T13:54:54","date_gmt":"2011-02-07T15:54:54","guid":{"rendered":"http:\/\/escriturasagrada.com\/?p=513"},"modified":"2011-02-07T13:54:54","modified_gmt":"2011-02-07T15:54:54","slug":"semana-6-jo-3","status":"publish","type":"post","link":"https:\/\/ultimato.com.br\/sites\/timcarriker\/2011\/02\/07\/semana-6-jo-3\/","title":{"rendered":"Semana 6: J\u00f3 3"},"content":{"rendered":"<blockquote>\n<p style=\"text-align: left\">[1] <em>Finalmente J\u00f3 quebrou o sil\u00eancio e amaldi\u00e7oou a dia do seu nascimento&#8230;.<\/em>[6]\u00a0<em>&#8220;que aquela noite fique escura e desapare\u00e7a do calend\u00e1rio!&#8230;.<\/em>[8] <em>que seja amaldi\u00e7oada pelos feiticeiros!&#8230;<\/em>[20] <em>por que os infelizes continuam vendo a luz?<\/em><\/p>\n<\/blockquote>\n<p><strong>Reflex\u00e3o<\/strong><\/p>\n<p>Se voc\u00ea consegue ler o cap\u00edtulo 3 de J\u00f3, devagar, assimilando um pouquinho o seu rep\u00fadio, ent\u00e3o est\u00e1 de parabens. Que cap\u00edtulo dif\u00edcil de ler, pelo menos para aqueles que tem um pouco de cora\u00e7\u00e3o!<\/p>\n<p><em><a href=\"http:\/\/ultimato.com.br\/sites\/timcarriker\/files\/2011\/02\/ments.jpg\"><img loading=\"lazy\" decoding=\"async\" class=\"alignleft size-full wp-image-515\" src=\"http:\/\/ultimato.com.br\/sites\/timcarriker\/files\/2011\/02\/ments.jpg\" alt=\"\" width=\"66\" height=\"33\" \/><\/a>Parab\u00e9ns pra voc\u00ea, nesta data querida, muitas felicidades&#8230;<\/em> Quem n\u00e3o gosta de ouvir esta m\u00fasica? Ela lembra da reuni\u00e3o de amigos, familiares, presentes, e um bolo gostoso, n\u00e3o \u00e9? Mas J\u00f3 n\u00e3o pensava em seu anivers\u00e1rio assim. N\u00e3o agora. Ele finalmente p\u00f5e para fora todo o sentimento e ressentimento ruim. N\u00e3o consegue mais engolir quieto, passivo, e religiosamente correto a sua situa\u00e7\u00e3o. Veja que invoca at\u00e9 feiticeiros! Dizem os psic\u00f3logos que por os sentimentos fora \u00e9 bom, at\u00e9 terap\u00eautico. E quem sou para discordar de peritos? Sei que o sentimento sair da garanta \u00e9 bom. Mas, no caso de J\u00f3, tenho as minhas d\u00favidas. Explico&#8230;<\/p>\n<p>A <em>impress\u00e3o<\/em> que se tem \u00e9 que o desabafo \u00e9 sempre positivo. E acredito que geralmente o \u00e9. Mas o caso de J\u00f3 \u00e9 diferente. Leia bem o cap\u00edtulo, e veja <em>como<\/em> ele desabafou. H\u00e1 algo dissonante aqui. Pois, antes, ele nobremente recusava amaldi\u00e7oar Deus. Afinal era &#8220;crente&#8221;, \u00f3bvio que n\u00e3o no sentido de colocar a sua f\u00e9 em Jesus&#8230;isto \u00e9 anacr\u00f4nico&#8230;mas era temente a Deus. Logo, como &#8220;crente&#8221;n\u00e3o lhe \u00e9 permitido amaldi\u00e7oar o Criador. E em nenhum momento ele o faz, pelo menos n\u00e3o <em>tecnicamente<\/em>. E a\u00ed est\u00e1 o problema. Quando finalmente desabafa no cap\u00edtulo 3, ele n\u00e3o consegue segurar mais a dor. N\u00e3o aguenta a tristeza. O homem crente desmorona diante do peso intoler\u00e1vel do sofrimento. E veja bem, amaldi\u00e7oa quase tudo que pode imaginar associado \u00e0 sua exist\u00eancia,\u00a0<em>menos diretamente o pr\u00f3prio Deus<\/em>. Afinal, quem estabeleceu o dia em que J\u00f3 nasceu? E quem lhe deu a m\u00e3e que o gerou? E quem lhe deu a pr\u00f3pria vida? Indiretamente ele &#8220;amaldi\u00e7oa&#8221; Deus, mas sem amaldi\u00e7o\u00e1-lo.<\/p>\n<p>Eu consigo me identificar com esta atitude, mesmo que jamais tenha sentido a profundidade da dor e da perda que ele sentiu. Como crente, como pastor e como te\u00f3logo, sei que certas atitudes e certas reclama\u00e7\u00f5es n\u00e3o me cabem, mas sou rebelde do mesmo jeito (a minha esposa infelizmente confirma). E quando n\u00e3o aguento mais &#8212; isto s\u00f3 acontece com os seres humanos, quem n\u00e3o for, escapa &#8212; n\u00e3o vou &#8220;xingar&#8221; (j\u00e1 pensou se alguma &#8220;ovelha&#8221; ouv\u00edsse?), mas vou dar um jeito de mostrar minha indiga\u00e7\u00e3o com o pr\u00f3prio Deus.<\/p>\n<p>Sinceramente n\u00e3o sei se h\u00e1 outro jeito. Logo, n\u00e3o estou censurando J\u00f3, afinal quem aguenta o que ele aguentou sem nenhum piu?<\/p>\n<p>Por outro lado, J\u00f3 <em>n\u00e3o <\/em>amaldi\u00e7oou Deus. Mas quero reparar outra li\u00e7\u00e3o do cap\u00edtulo 3&#8230;muito simples, mas muito profunda&#8230;<\/p>\n<p>Foi J\u00f3 que quebrou o sil\u00eancio, n\u00e3o os seus amigos. Pois o cap\u00edtulo 2 terminou com a solidariedade dos amigos, quietos ao seu lado. A tenta\u00e7\u00e3o de falar alguma palavra de consolo ou &#8220;explica\u00e7\u00e3o&#8221; deve ter sido enorme. Mas os amigos resistiram firmes a tenta\u00e7\u00e3o e permaneceram QUIETOS. Foi J\u00f3 quem quebrou o sil\u00eancio. E veja s\u00f3, os amigos tamb\u00e9m n\u00e3o interromperam a reclama\u00e7\u00e3o longa e gritante de J\u00f3. N\u00e3o deram nenhuma corre\u00e7\u00e3o teol\u00f3gica quando J\u00f3 amaldi\u00e7oou o dia que nasceu. N\u00e3o o repreenderam quando invocou os feiti\u00e7eiros para amaldi\u00e7oar aquele que virou o dia em noite e escurid\u00e3o para J\u00f3. N\u00e3o o cortaram quando J\u00f3 desejou a morte. Ouviram quietos&#8230;melhor, talvez estivessem at\u00e9 inquietos, mas estavam silenciosos do mesmo jeito.<\/p>\n<p>N\u00e3o se interrompa o desabafo, mesmo (talvez especialmente) o desabafo teologicamente incorreto. Apenas ou\u00e7a.<\/p>\n<p><strong>Ora\u00e7\u00e3o<\/strong><\/p>\n<blockquote>\n<p style=\"text-align: left\"><em>Pai, eu sei que \u00a0falo muitas coisas erradas para o Senho<\/em><em>r, mas o Senhor nunca me interrompe, e eu sou menor que uma amoeba numa formiga diante de Ti. Por favor, me d\u00ea a tua gra\u00e7a para permanecer quieto diante do desabafo do meu igual. Em nome de Cristo Jesus. Am\u00e9m<\/em><\/p>\n<\/blockquote>\n","protected":false},"excerpt":{"rendered":"<p>[1] Finalmente J\u00f3 quebrou o sil\u00eancio e amaldi\u00e7oou a dia do seu nascimento&#8230;.[6]\u00a0&#8220;que aquela noite fique escura e desapare\u00e7a do calend\u00e1rio!&#8230;.[8] que seja amaldi\u00e7oada pelos feiticeiros!&#8230;[20] por que os infelizes continuam vendo a luz? Reflex\u00e3o Se voc\u00ea consegue ler o cap\u00edtulo 3 de J\u00f3, devagar, assimilando um pouquinho o seu rep\u00fadio, ent\u00e3o est\u00e1 de parabens. [&hellip;]<\/p>\n","protected":false},"author":25,"featured_media":0,"comment_status":"open","ping_status":"open","sticky":false,"template":"","format":"standard","meta":{"ngg_post_thumbnail":0,"footnotes":""},"categories":[25819],"tags":[],"class_list":["post-513","post","type-post","status-publish","format-standard","hentry","category-jo"],"_links":{"self":[{"href":"https:\/\/ultimato.com.br\/sites\/timcarriker\/wp-json\/wp\/v2\/posts\/513","targetHints":{"allow":["GET"]}}],"collection":[{"href":"https:\/\/ultimato.com.br\/sites\/timcarriker\/wp-json\/wp\/v2\/posts"}],"about":[{"href":"https:\/\/ultimato.com.br\/sites\/timcarriker\/wp-json\/wp\/v2\/types\/post"}],"author":[{"embeddable":true,"href":"https:\/\/ultimato.com.br\/sites\/timcarriker\/wp-json\/wp\/v2\/users\/25"}],"replies":[{"embeddable":true,"href":"https:\/\/ultimato.com.br\/sites\/timcarriker\/wp-json\/wp\/v2\/comments?post=513"}],"version-history":[{"count":0,"href":"https:\/\/ultimato.com.br\/sites\/timcarriker\/wp-json\/wp\/v2\/posts\/513\/revisions"}],"wp:attachment":[{"href":"https:\/\/ultimato.com.br\/sites\/timcarriker\/wp-json\/wp\/v2\/media?parent=513"}],"wp:term":[{"taxonomy":"category","embeddable":true,"href":"https:\/\/ultimato.com.br\/sites\/timcarriker\/wp-json\/wp\/v2\/categories?post=513"},{"taxonomy":"post_tag","embeddable":true,"href":"https:\/\/ultimato.com.br\/sites\/timcarriker\/wp-json\/wp\/v2\/tags?post=513"}],"curies":[{"name":"wp","href":"https:\/\/api.w.org\/{rel}","templated":true}]}}