{"id":458,"date":"2011-01-18T13:52:03","date_gmt":"2011-01-18T15:52:03","guid":{"rendered":"http:\/\/escriturasagrada.com\/?p=458"},"modified":"2011-01-18T13:52:03","modified_gmt":"2011-01-18T15:52:03","slug":"semana-3-jo-1-14-22","status":"publish","type":"post","link":"https:\/\/ultimato.com.br\/sites\/timcarriker\/2011\/01\/18\/semana-3-jo-1-14-22\/","title":{"rendered":"Semana 3: J\u00f3 1.14-22"},"content":{"rendered":"<blockquote>\n<div><em>&#8230; veio um mensageiro a J\u00f3 e lhe disse <\/em>[perdeu para do rebanho e alguns empregados] &#8230;\u00a0<em>Falava este <span style=\"text-decoration: underline\">ainda <\/span>quando veio <span style=\"text-decoration: underline\">outro <\/span>e disse <\/em>[perdeu mais rebanho e empregados] &#8230;\u00a0<em>Falava este <span style=\"text-decoration: underline\">ainda <\/span>quando veio <span style=\"text-decoration: underline\">outro <\/span>e disse <\/em>[perdeu ainda mais rebanho e empregados] &#8230;\u00a0<em>Tamb\u00e9m este falava <span style=\"text-decoration: underline\">ainda <\/span>quando veio <span style=\"text-decoration: underline\">outro<\/span> e disse <\/em>[perdeu todos os seus 7 filhos e 3 filhas] &#8230;.\u00a0<em>Ent\u00e3o, J\u00f3 se levantou, rasgou o seu manto, rapou a cabe\u00e7a e lan\u00e7ou-se em terra e adorou;\u00a0e disse: Nu sa\u00ed do ventre de minha m\u00e3e e nu voltarei; o SENHOR o deu e o SENHOR o tomou; bendito seja o nome do SENHOR!\u00a0Em tudo isto J\u00f3 n\u00e3o pecou, nem atribuiu a Deus falta alguma. <\/em>(Revista e Atualizada)<\/div>\n<\/blockquote>\n<p><strong>Reflex\u00e3o<\/strong><\/p>\n<p>\u00c9 muito dif\u00edcil imaginar a perda de J\u00f3. Mas muitos de n\u00f3s j\u00e1 tivemos per\u00eddodos da vida que foram &#8220;nuvens escuras&#8221;, momentos quando n\u00e3o sentimos nada &#8220;aben\u00e7oados&#8221; por Deus. Por isto, a rea\u00e7\u00e3o inicial de J\u00f3 pode surpreender, pelo menos, a princ\u00edpio. Pois, mais adiante veremos que J\u00f3 come\u00e7a a demonstrar a sua grande tristeza e aborrecimento e a soltar aquelas perguntas d\u00edf\u00edceis de quem sofreu tamanha perda.<\/p>\n<p>N\u00e3o sei o que se passava neste momento no \u00edntimo do seu cora\u00e7\u00e3o, mas ele reagiu da maneira certa. N\u00e3o ficou paralizado com o susto (&#8220;se levantou&#8221;), expressou aberta e publicamente o seu profundo lamento (&#8220;rasgou seu manto, rapou a cabe\u00e7a&#8221;), n\u00e3o jogou a culpa em Deus, mas o adorou, e talvez especialmente importante para n\u00f3s latinos, n\u00e3o se julgou merecedor de nada. Mas, o seu coment\u00e1rio final levanta uma ambiguidade. J\u00f3 afirma, &#8220;O Senhor o deu e o Senhor tomou, bendito seja o nome do Senhor!&#8221; A ambiguidade surge porque, no vers\u00edculo 12, Deus \u00a0havia concedido a Satan\u00e1s o poder sobre as posses de J\u00f3. Ent\u00e3o, quem tomou tudo do J\u00f3? Deus ou Satan\u00e1s? Os teologicamente espertos diriam que foram os dois, Deus e Satan\u00e1s. \u00a0O \u00faltimo aprontou os detalhes, o primeiro deixou. Tudo bem, \u00e9 isso mesmo. Mas n\u00f3s fazemos esta avalia\u00e7\u00e3o de modo frio, sem sentir na pele a perda. E J\u00f3 n\u00e3o. Para ele, se Deus \u00e9 o \u00fanico e verdadeiro Deus, em \u00faltima an\u00e1lise a nossa &#8220;sorte&#8221; est\u00e1 nas suas m\u00e3os. Por enquanto, J\u00f3 ainda n\u00e3o lida com a maldade da desgra\u00e7a que lhe ocorreu. Mas isto vai acontecer. \u00c9 s\u00f3 aguardar o cap\u00edtulo 3.<\/p>\n<p>Talvez isto seja uma das maiores dificuldades da teologia da prosperidade. Quando <em>Deus<\/em> permite a vinda de desgra\u00e7as na nossa vida, a teologia da prosperidade simplesmente cai por terra. A vida simplesmente n\u00e3o funciona assim. O perverso tamb\u00e9m prospera e o justo sofre. A tenta\u00e7\u00e3o de querer explicar o por qu\u00ea \u00e9 muito grande, mas, sinceramente, embora eu possa dizer algumas coisas, nenhuma das minhas &#8220;explica\u00e7\u00f5es&#8221; \u00e9 completa. [Domingo passado, eu fiquei frustrado porque n\u00e3o consegui explicar a passagem t\u00e3o bem quanto queria, e a minha amada esposa me lembrou, &#8220;nem sempre precisa ou pode explicar&#8221;].<\/p>\n<p>Os sofrimentos de J\u00f3 e os nossos s\u00e3o assim. N\u00e3o h\u00e1 boas explica\u00e7\u00f5es. Por certo o evangelho da prosperidade encabe\u00e7a a lista de explica\u00e7\u00f5es furadas. Mas, mesmo que a resposta inicial de J\u00f3 possa parecer ainda superficial (pois ter\u00e1 que trabalhar bem mais a sua rea\u00e7\u00e3o), confesso que n\u00e3o h\u00e1 melhor maneira de come\u00e7ar:\u00a0&#8220;O Senhor o deu e o Senhor tomou, bendito seja o nome do Senhor!&#8221; E isso no meio de muito choro e lamento. E sabendo que teremos que dizer, sentir, e reagir, muito mais&#8230;<\/p>\n<p>A dor explicada n\u00e3o \u00e9 assimilada, nem curada, pode at\u00e9 corroer mais. A dor, por defini\u00e7\u00e3o, tem que ser sentida.<\/p>\n<div><strong>Ora\u00e7\u00e3o<\/strong><\/div>\n<blockquote>\n<div><em>Gra\u00e7as te damos, sim, SENHOR, por toda boa d\u00e1diva na nossa vida. Livra-nos do mal e santifica-nos na dor. Bendita seja o teu santo nome. Am\u00e9m.<\/em><\/div>\n<\/blockquote>\n","protected":false},"excerpt":{"rendered":"<p>&#8230; veio um mensageiro a J\u00f3 e lhe disse [perdeu para do rebanho e alguns empregados] &#8230;\u00a0Falava este ainda quando veio outro e disse [perdeu mais rebanho e empregados] &#8230;\u00a0Falava este ainda quando veio outro e disse [perdeu ainda mais rebanho e empregados] &#8230;\u00a0Tamb\u00e9m este falava ainda quando veio outro e disse [perdeu todos os [&hellip;]<\/p>\n","protected":false},"author":25,"featured_media":0,"comment_status":"open","ping_status":"open","sticky":false,"template":"","format":"standard","meta":{"ngg_post_thumbnail":0,"footnotes":""},"categories":[5447,25819],"tags":[],"class_list":["post-458","post","type-post","status-publish","format-standard","hentry","category-devocional","category-jo"],"_links":{"self":[{"href":"https:\/\/ultimato.com.br\/sites\/timcarriker\/wp-json\/wp\/v2\/posts\/458","targetHints":{"allow":["GET"]}}],"collection":[{"href":"https:\/\/ultimato.com.br\/sites\/timcarriker\/wp-json\/wp\/v2\/posts"}],"about":[{"href":"https:\/\/ultimato.com.br\/sites\/timcarriker\/wp-json\/wp\/v2\/types\/post"}],"author":[{"embeddable":true,"href":"https:\/\/ultimato.com.br\/sites\/timcarriker\/wp-json\/wp\/v2\/users\/25"}],"replies":[{"embeddable":true,"href":"https:\/\/ultimato.com.br\/sites\/timcarriker\/wp-json\/wp\/v2\/comments?post=458"}],"version-history":[{"count":0,"href":"https:\/\/ultimato.com.br\/sites\/timcarriker\/wp-json\/wp\/v2\/posts\/458\/revisions"}],"wp:attachment":[{"href":"https:\/\/ultimato.com.br\/sites\/timcarriker\/wp-json\/wp\/v2\/media?parent=458"}],"wp:term":[{"taxonomy":"category","embeddable":true,"href":"https:\/\/ultimato.com.br\/sites\/timcarriker\/wp-json\/wp\/v2\/categories?post=458"},{"taxonomy":"post_tag","embeddable":true,"href":"https:\/\/ultimato.com.br\/sites\/timcarriker\/wp-json\/wp\/v2\/tags?post=458"}],"curies":[{"name":"wp","href":"https:\/\/api.w.org\/{rel}","templated":true}]}}