{"id":350,"date":"2010-12-31T16:12:51","date_gmt":"2010-12-31T18:12:51","guid":{"rendered":"http:\/\/eco-devocional.com\/?p=304"},"modified":"2010-12-31T16:12:51","modified_gmt":"2010-12-31T18:12:51","slug":"semana-52-romanos-16-24-27","status":"publish","type":"post","link":"https:\/\/ultimato.com.br\/sites\/timcarriker\/2010\/12\/31\/semana-52-romanos-16-24-27\/","title":{"rendered":"Semana 52: Romanos  16.24-27"},"content":{"rendered":"<p style=\"padding-left: 30px\"><em>A gra\u00e7a de nosso Senhor Jesus Cristo seja com todos v\u00f3s. Am\u00e9m!<br \/>\nOra, \u00e0quele que \u00e9 poderoso para vos confirmar segundo o meu evangelho e a prega\u00e7\u00e3o de Jesus Cristo, conforme a revela\u00e7\u00e3o do mist\u00e9rio guardado em sil\u00eancio nos tempos eternos, e que, agora, se tornou manifesto e foi dado a conhecer por meio das Escrituras prof\u00e9ticas, segundo o mandamento do Deus eterno, para a obedi\u00eancia por f\u00e9, entre todas as na\u00e7\u00f5es, ao Deus \u00fanico e s\u00e1bio seja dada gl\u00f3ria, por meio de Jesus Cristo, pelos s\u00e9culos dos s\u00e9culos. Am\u00e9m!<\/em> (Revista e Atualizada)<\/p>\n<p><strong>Reflex\u00e3o<\/strong><\/p>\n<p>Faltam poucas horas para terminar o ano 2010 e estamos na \u00faltima reflex\u00e3o&#8230;e no final de Romanos. Que maneira boa de concluir&#8230;desejando a <em>gra\u00e7a<\/em> de Jesus na vida de todos. Gra\u00e7a, especialmente entre n\u00f3s protestantes, quase virou clich\u00ea. Ou talvez uma mera formalidade, como quando nos encontramos: \u201col\u00e1, tudo bem?, como v\u00e3o as coisas?\u201d Alguns poucos anos atr\u00e1s cheguei a tristeste conclus\u00e3o que a maioria de n\u00f3s evang\u00e9licos n\u00e3o sabemos que signifca viver pela gra\u00e7a de Deus. S\u00f3 nos momentos muito dif\u00edcis e de afli\u00e7\u00e3o, quando n\u00e3o h\u00e1 outra sa\u00edda, \u00e0s vezes descobrimos novamente o que significa viver pela gra\u00e7a. O resto do tempo, na igreja e fora da igreja, vivemos mesmo pela lei. Claro n\u00e3o a lei judaica, mas as nossas leis evang\u00e9licas que inventamos ou herdamos de como viver. Neste pequeno espa\u00e7o s\u00f3 posso dizer isto. Em outra ocasi\u00e3o talvez a gente elabore um pouquinho mais que significa viver pela gra\u00e7a. Enquanto isto, busquem as evid\u00eancias da gra\u00e7a de Deus na sua vida e procurem viver de acordo&#8230;.na depend\u00eancia d<em><span style=\"text-decoration: underline\">E<\/span><\/em>le.<\/p>\n<p>Agora, depois da sua ora\u00e7\u00e3o, Paulo pronuncia uma doxologia, um louvor a Deus. Mas ele faz isto de modo extremamente ousado, parece at\u00e9 pretencioso. Pois essencialmente e meio indiretamente pede que Deus confirme todo o ponto de vsta que Paulo acabara de elaborar ao longo da carta. Mas n\u00e3o \u00e9 pretens\u00e3o. \u00c9 convic\u00e7\u00e3o de que havia falado de acordo com o Esp\u00edrito de Deus. E quero deixar este desafio com voc\u00eas: que possam andar tanto no Esp\u00edrito no exerc\u00edcio da sua miss\u00e3o que as suas palavras possam ser confirmadas por Deus nos cora\u00e7\u00f5es das outras pessoas para quem ministram.<\/p>\n<p>Agora para isto, nossas convic\u00e7\u00f5es precisam ser bem enraizadas nas Escrituras, como Paulo enraizava suas convic\u00e7\u00f5es nas Escrituras em toda esta carta. N\u00e3o tenho outro desejo para 2011! Gra\u00e7a a todos e convic\u00e7\u00e3o com boa base.<\/p>\n<p><strong>Ora\u00e7\u00e3o<\/strong><\/p>\n<p style=\"padding-left: 30px\"><em>Gra\u00e7as te damos por um ano bem corrido, \u00f3 Pai. Conceda-nos gra\u00e7a para nos colocarmos nas tuas m\u00e3os no ano 2011. Em Cristo Jesus. Am\u00e9m.<\/em><\/p>\n","protected":false},"excerpt":{"rendered":"<p>A gra\u00e7a de nosso Senhor Jesus Cristo seja com todos v\u00f3s. Am\u00e9m! Ora, \u00e0quele que \u00e9 poderoso para vos confirmar segundo o meu evangelho e a prega\u00e7\u00e3o de Jesus Cristo, conforme a revela\u00e7\u00e3o do mist\u00e9rio guardado em sil\u00eancio nos tempos eternos, e que, agora, se tornou manifesto e foi dado a conhecer por meio das [&hellip;]<\/p>\n","protected":false},"author":25,"featured_media":0,"comment_status":"open","ping_status":"open","sticky":false,"template":"","format":"standard","meta":{"ngg_post_thumbnail":0,"footnotes":""},"categories":[5447,12415],"tags":[],"class_list":["post-350","post","type-post","status-publish","format-standard","hentry","category-devocional","category-romanos"],"_links":{"self":[{"href":"https:\/\/ultimato.com.br\/sites\/timcarriker\/wp-json\/wp\/v2\/posts\/350","targetHints":{"allow":["GET"]}}],"collection":[{"href":"https:\/\/ultimato.com.br\/sites\/timcarriker\/wp-json\/wp\/v2\/posts"}],"about":[{"href":"https:\/\/ultimato.com.br\/sites\/timcarriker\/wp-json\/wp\/v2\/types\/post"}],"author":[{"embeddable":true,"href":"https:\/\/ultimato.com.br\/sites\/timcarriker\/wp-json\/wp\/v2\/users\/25"}],"replies":[{"embeddable":true,"href":"https:\/\/ultimato.com.br\/sites\/timcarriker\/wp-json\/wp\/v2\/comments?post=350"}],"version-history":[{"count":0,"href":"https:\/\/ultimato.com.br\/sites\/timcarriker\/wp-json\/wp\/v2\/posts\/350\/revisions"}],"wp:attachment":[{"href":"https:\/\/ultimato.com.br\/sites\/timcarriker\/wp-json\/wp\/v2\/media?parent=350"}],"wp:term":[{"taxonomy":"category","embeddable":true,"href":"https:\/\/ultimato.com.br\/sites\/timcarriker\/wp-json\/wp\/v2\/categories?post=350"},{"taxonomy":"post_tag","embeddable":true,"href":"https:\/\/ultimato.com.br\/sites\/timcarriker\/wp-json\/wp\/v2\/tags?post=350"}],"curies":[{"name":"wp","href":"https:\/\/api.w.org\/{rel}","templated":true}]}}