{"id":348,"date":"2010-12-03T10:14:28","date_gmt":"2010-12-03T12:14:28","guid":{"rendered":"http:\/\/eco-devocional.com\/?p=291"},"modified":"2010-12-03T10:14:28","modified_gmt":"2010-12-03T12:14:28","slug":"semana-48-romanos-15-7-13","status":"publish","type":"post","link":"https:\/\/ultimato.com.br\/sites\/timcarriker\/2010\/12\/03\/semana-48-romanos-15-7-13\/","title":{"rendered":"Semana 48: Romanos 15.7-13"},"content":{"rendered":"<p><strong>SEMANA 48<\/strong><\/p>\n<p><strong>Romanos\u00a0 15.7-13<\/strong><\/p>\n<p style=\"padding-left: 30px\"><em>Portanto, acolhei-vos uns aos outros, como tamb\u00e9m Cristo nos acolheu para a gl\u00f3ria de Deus. Digo, pois, que Cristo foi constitu\u00eddo ministro da circuncis\u00e3o, em prol da verdade de Deus, para confirmar as promessas feitas aos nossos pais; e para que os gentios glorifiquem a Deus por causa da sua miseric\u00f3rdia, como est\u00e1 escrito:<\/em><\/p>\n<p style=\"padding-left: 60px\"><em>&#8220;Por isso, eu te glorificarei entre os gentios e cantarei louvores ao teu nome.&#8221;<\/em><\/p>\n<p style=\"padding-left: 30px\"><em>E tamb\u00e9m diz:<\/em><\/p>\n<p style=\"padding-left: 60px\"><em>&#8220;Alegrai-vos, \u00f3 gentios, com o seu povo.&#8221;<\/em><\/p>\n<p style=\"padding-left: 30px\"><em>E ainda:<\/em><\/p>\n<p style=\"padding-left: 60px\"><em>&#8220;Louvai ao Senhor, v\u00f3s todos os gentios, e todos os povos o louvem.&#8221;<\/em><\/p>\n<p style=\"padding-left: 30px\"><em>Tamb\u00e9m Isa\u00edas diz:<br \/>\n<\/em><\/p>\n<p style=\"padding-left: 60px\"><em>&#8220;Haver\u00e1 a raiz de Jess\u00e9, aquele que se levanta para governar os gentios; nele os gentios esperar\u00e3o.&#8221;<\/em><\/p>\n<p style=\"padding-left: 30px\"><em>E o Deus da esperan\u00e7a vos encha de todo o gozo e paz no vosso crer, para que sejais ricos de esperan\u00e7a no poder do Esp\u00edrito Santo.<\/em> (Revista e Atualizada)<\/p>\n<p><strong>Reflex\u00e3o<\/strong><\/p>\n<p>H\u00e1 cerca de 15 anos atr\u00e1s fui convidado para dirigir um estudo para todos os presidentes de comit\u00eas de miss\u00f5es de igrejas locais da Igreja Presbiteriana do Brasil. O estudo deveria ter o t\u00edtulo, \u201cPor que miss\u00f5es deveriam ter a prioridade na igreja?\u201d Podem imaginar que seria f\u00e1cil para eu elaborar o t\u00f3pico assim depois de 18 anos de trabalho mission\u00e1rio (hoje completo 33).<\/p>\n<p>Tal afirma\u00e7\u00e3o, entretanto, poderia ser precipitada. Pois pressupunha uma resposta afirmativa a uma outra pergunta anterior a essa: \u201cA obra mission\u00e1ria deve ter prioridade na igreja?\u201d Qual era a resposta ent\u00e3o? Achei a resposta em Romanos 15.7-13.<\/p>\n<p>A obra mission\u00e1ria deve ter prioridade na igreja? Se por \u201cprioridade\u201d queremos dizer \u201co alvo \u00faltimo\u201d, sou obrigado a responder que n\u00e3o. A obra mission\u00e1ria n\u00e3o deve ter a prioridade na igreja. Isto \u00e9, a obra mission\u00e1ria n\u00e3o \u00e9 o alvo \u00faltimo da igreja. O culto a Deus \u00e9.\u00a0 O desafio mission\u00e1rio existe e persiste porque o culto pleno a Deus ainda n\u00e3o existe. O culto \u00e9 o alvo \u00faltimo da igreja. O culto a Deus deve ter prioridade na igreja, n\u00e3o a obra mission\u00e1ria, porque Deus \u00e9 \u00faltimo, e n\u00e3o o ser humano.<\/p>\n<p>Quando esta era terminar e representantes de toda ra\u00e7a, tribo e na\u00e7\u00e3o se dobrarem diante do Cordeiro de Deus, a obra mission\u00e1ria n\u00e3o mais existir\u00e1 na igreja. E como lutamos na obra mission\u00e1ria em prol deste dia, tamb\u00e9m empenhamos na mordomia da cria\u00e7\u00e3o. Porque embora n\u00e3o mais existir\u00e1 a obra mission\u00e1ria ou at\u00e9 mesmo o empenho pelo cuidado da cria\u00e7\u00e3o, existir\u00e3o novo c\u00e9u e nova terra. E existir\u00e3o o louvor e a adora\u00e7\u00e3o. Permanecer\u00e1 na igreja o culto, e isto, no meio dum belo jardim.<\/p>\n<p><strong>Ora\u00e7\u00e3o<\/strong><\/p>\n<p style=\"padding-left: 30px\"><em>Pai amado, ajude nos a enxergar aquilo que \u00e9 prioridade, o que \u00e9 \u00faltimo. Damos louvor e adora\u00e7\u00e3o a Ti. Em nome de Jesus. Am\u00e9m.<\/em><\/p>\n","protected":false},"excerpt":{"rendered":"<p>SEMANA 48 Romanos\u00a0 15.7-13 Portanto, acolhei-vos uns aos outros, como tamb\u00e9m Cristo nos acolheu para a gl\u00f3ria de Deus. Digo, pois, que Cristo foi constitu\u00eddo ministro da circuncis\u00e3o, em prol da verdade de Deus, para confirmar as promessas feitas aos nossos pais; e para que os gentios glorifiquem a Deus por causa da sua miseric\u00f3rdia, [&hellip;]<\/p>\n","protected":false},"author":25,"featured_media":0,"comment_status":"open","ping_status":"open","sticky":false,"template":"","format":"standard","meta":{"ngg_post_thumbnail":0,"footnotes":""},"categories":[5447,12415],"tags":[],"class_list":["post-348","post","type-post","status-publish","format-standard","hentry","category-devocional","category-romanos"],"_links":{"self":[{"href":"https:\/\/ultimato.com.br\/sites\/timcarriker\/wp-json\/wp\/v2\/posts\/348","targetHints":{"allow":["GET"]}}],"collection":[{"href":"https:\/\/ultimato.com.br\/sites\/timcarriker\/wp-json\/wp\/v2\/posts"}],"about":[{"href":"https:\/\/ultimato.com.br\/sites\/timcarriker\/wp-json\/wp\/v2\/types\/post"}],"author":[{"embeddable":true,"href":"https:\/\/ultimato.com.br\/sites\/timcarriker\/wp-json\/wp\/v2\/users\/25"}],"replies":[{"embeddable":true,"href":"https:\/\/ultimato.com.br\/sites\/timcarriker\/wp-json\/wp\/v2\/comments?post=348"}],"version-history":[{"count":0,"href":"https:\/\/ultimato.com.br\/sites\/timcarriker\/wp-json\/wp\/v2\/posts\/348\/revisions"}],"wp:attachment":[{"href":"https:\/\/ultimato.com.br\/sites\/timcarriker\/wp-json\/wp\/v2\/media?parent=348"}],"wp:term":[{"taxonomy":"category","embeddable":true,"href":"https:\/\/ultimato.com.br\/sites\/timcarriker\/wp-json\/wp\/v2\/categories?post=348"},{"taxonomy":"post_tag","embeddable":true,"href":"https:\/\/ultimato.com.br\/sites\/timcarriker\/wp-json\/wp\/v2\/tags?post=348"}],"curies":[{"name":"wp","href":"https:\/\/api.w.org\/{rel}","templated":true}]}}