{"id":335,"date":"2010-08-23T19:41:02","date_gmt":"2010-08-23T21:41:02","guid":{"rendered":"http:\/\/eco-devocional.com\/?p=249"},"modified":"2010-08-23T19:41:02","modified_gmt":"2010-08-23T21:41:02","slug":"semana-34-romanos-9-30-32","status":"publish","type":"post","link":"https:\/\/ultimato.com.br\/sites\/timcarriker\/2010\/08\/23\/semana-34-romanos-9-30-32\/","title":{"rendered":"Semana 34: Romanos 9.30-32"},"content":{"rendered":"<p style=\"padding-left: 30px\"><em>O que vamos dizer, ent\u00e3o? Vamos dizer isto: os n\u00e3o-judeus, que n\u00e3o procuravam ser aceitos por Deus, foram aceitos\u00a0<span style=\"text-decoration: underline\">por meio da f\u00e9<\/span>.  Por\u00e9m o povo de Israel, que procurava uma lei para ser aceito por Deus,  n\u00e3o encontrou o que estava procurando. E por que n\u00e3o? Porque eles  procuravam alcan\u00e7ar isso por meio das suas a\u00e7\u00f5es e n\u00e3o\u00a0<span style=\"text-decoration: underline\">por meio da f\u00e9<\/span>. Eles trope\u00e7aram na \u201cpedra de trope\u00e7o\u201d,&#8230; <\/em>(NTLH)<\/p>\n<p><strong>Reflex\u00e3o<\/strong><\/p>\n<p>Nestes tr\u00eas vers\u00edculos,  Paulo resume as suas observa\u00e7\u00f5es feitas nos primeiros 8 cap\u00edtulos da  carta. Ele faz isto para ilustrar o \u201cdilema\u201d atual dos judeus, que n\u00e3o  queriam crer. Mas n\u00e3o \u00e9 dif\u00edcil ver como estas observa\u00e7\u00f5es se aplicam a  n\u00f3s tamb\u00e9m que, \u00e0s vezes, achamos que as nossas a\u00e7\u00f5es v\u00e3o nos alcan\u00e7ar o  favor de Deus.<\/p>\n<p>Ora,  quase todas estas devocionais tem apelado para o nosso engajamento, a  nossa a\u00e7\u00e3o, nos desafios deste mundo. \u00c9 a nossa miss\u00e3o. E acredito que  seja a vontade de Deus para as nossas vidas. Entretanto, a vida de f\u00e9  sempre exige mais. Certamente exige a\u00e7\u00e3o. Tiago que o diga. Mas exige  mais (n\u00e3o menos!). Exige \u201cf\u00e9\u201d. Que quer dizer \u201cf\u00e9\u201d? F\u00e9 e fidelidade s\u00e3o  palavras em portugu\u00eas que traduzem a mesma palavra grega,\u00a0<em>pistis<\/em>. F\u00e9\u00a0<em>popularmente<\/em> nos  fala, talvez, de algo interior, algo talvez m\u00edstico. Mas, fidelidade  esclarece mais, pois fala duma dimens\u00e3o relacional, justamente algo que  nos remete para as id\u00e9ias do pacto, da alian\u00e7a, do compromisso. Logo,  n\u00e3o \u00e9 t\u00e3o distante da a\u00e7\u00e3o. Entretanto, envolve uma outra dimens\u00e3o, a  dimens\u00e3o do v\u00ednculo, digamos, afetivo do relacionamento. Somos  comprometidos n\u00e3o s\u00f3 <em><span style=\"text-decoration: underline\">a obedecer a<\/span><\/em> Deus, mas\u00a0<em><span style=\"text-decoration: underline\">com a pr\u00f3pria pessoa <\/span><\/em>de Deus. Esta distin\u00e7\u00e3o faz sentido para voc\u00ea? Poder\u00e1 nos falar de outra?<\/p>\n<p>Todo caso, precisamos tomar o cuidado de n\u00e3o deixar nosso precioso relcionamento com Deus se deteriorar em a\u00e7\u00e3o (obedi\u00eancia) <em>sem paix\u00e3o<\/em> (f\u00e9). N\u00e3o que eu queira reduzir f\u00e9 \u00e0 paix\u00e3o mas ela inclui esta dimens\u00e3o.<\/p>\n<p><strong>Ora\u00e7\u00e3o<\/strong><\/p>\n<p style=\"padding-left: 30px\"><em>Deus Eterno, alvo do nosso  amor, gra\u00e7as Te damos pela fidelidade de Cristo que nos revelou o  caminho de f\u00e9 nas nossas vidas. Desejamos ser fi\u00e9is. Desejamos agir com  f\u00e9. Encha-nos do Teu Esp\u00edrito para que possamos viver assim. Em nome de  Jesus.\u00a0\u00a0Am\u00e9m.<\/em><\/p>\n","protected":false},"excerpt":{"rendered":"<p>O que vamos dizer, ent\u00e3o? Vamos dizer isto: os n\u00e3o-judeus, que n\u00e3o procuravam ser aceitos por Deus, foram aceitos\u00a0por meio da f\u00e9. Por\u00e9m o povo de Israel, que procurava uma lei para ser aceito por Deus, n\u00e3o encontrou o que estava procurando. E por que n\u00e3o? Porque eles procuravam alcan\u00e7ar isso por meio das suas [&hellip;]<\/p>\n","protected":false},"author":25,"featured_media":0,"comment_status":"open","ping_status":"open","sticky":false,"template":"","format":"standard","meta":{"ngg_post_thumbnail":0,"footnotes":""},"categories":[5447,12415],"tags":[],"class_list":["post-335","post","type-post","status-publish","format-standard","hentry","category-devocional","category-romanos"],"_links":{"self":[{"href":"https:\/\/ultimato.com.br\/sites\/timcarriker\/wp-json\/wp\/v2\/posts\/335","targetHints":{"allow":["GET"]}}],"collection":[{"href":"https:\/\/ultimato.com.br\/sites\/timcarriker\/wp-json\/wp\/v2\/posts"}],"about":[{"href":"https:\/\/ultimato.com.br\/sites\/timcarriker\/wp-json\/wp\/v2\/types\/post"}],"author":[{"embeddable":true,"href":"https:\/\/ultimato.com.br\/sites\/timcarriker\/wp-json\/wp\/v2\/users\/25"}],"replies":[{"embeddable":true,"href":"https:\/\/ultimato.com.br\/sites\/timcarriker\/wp-json\/wp\/v2\/comments?post=335"}],"version-history":[{"count":0,"href":"https:\/\/ultimato.com.br\/sites\/timcarriker\/wp-json\/wp\/v2\/posts\/335\/revisions"}],"wp:attachment":[{"href":"https:\/\/ultimato.com.br\/sites\/timcarriker\/wp-json\/wp\/v2\/media?parent=335"}],"wp:term":[{"taxonomy":"category","embeddable":true,"href":"https:\/\/ultimato.com.br\/sites\/timcarriker\/wp-json\/wp\/v2\/categories?post=335"},{"taxonomy":"post_tag","embeddable":true,"href":"https:\/\/ultimato.com.br\/sites\/timcarriker\/wp-json\/wp\/v2\/tags?post=335"}],"curies":[{"name":"wp","href":"https:\/\/api.w.org\/{rel}","templated":true}]}}