{"id":333,"date":"2010-08-11T08:37:58","date_gmt":"2010-08-11T10:37:58","guid":{"rendered":"http:\/\/eco-devocional.com\/?p=242"},"modified":"2010-08-11T08:37:58","modified_gmt":"2010-08-11T10:37:58","slug":"semana-32-romanos-9-2-3","status":"publish","type":"post","link":"https:\/\/ultimato.com.br\/sites\/timcarriker\/2010\/08\/11\/semana-32-romanos-9-2-3\/","title":{"rendered":"Semana 32: Romanos 9.2-3"},"content":{"rendered":"<p style=\"padding-left: 30px\"><em>Sinto uma grande tristeza e uma dor sem fim no cora\u00e7\u00e3o, por causa do meu povo, que \u00e9 minha ra\u00e7a e meu sangue. Para o bem desse povo, eu mesmo poderia desejar receber a maldi\u00e7\u00e3o de Deus e ficar separado de Cristo. <\/em>(NTLH)<\/p>\n<p><strong>Reflex\u00e3o<\/strong><\/p>\n<p>S\u00e1bado fui buscar um deck que encomendei para uma nova prancha de surf. O deck \u00e9 a parte emborrachada que fica em cima da prancha e substitui a parafina. Pedi quadriculado em azul e branco. Ficou show de bola. O pessoal da f\u00e1brica j\u00e1 me conhece, porque foi o quarto ou quinto deck que j\u00e1 pedi. Ent\u00e3o, quando eu estava saindo, o Careca tomou a liberdade de me perguntar, \u201cPastor, c\u00ea torce por que time?\u201d Tentei escapar dizendo que eu s\u00f3 torcia pela sele\u00e7\u00e3o brasileira na hora da Copa, mas n\u00e3o adiantou. Aqui \u00e9 preciso torcer por algum time. Precisa se comprometer.<\/p>\n<p>Paulo era  judeu e torcia pelo seu povo. Na cabe\u00e7a dele, n\u00e3o se converteu do  judaismo para o cristianismo. Converteu-se, como um judeu aut\u00eantico, a Jesus, e  se transformou naquilo que n\u00f3s chamar\u00edamos de judeu messi\u00e2nico. Para Paulo, \u201cjudeu\u201d bastava. Claro que a minha analogia n\u00e3o \u00e9 perfeita, pois \u201cra\u00e7a\u201d, especialmente no caso dos judeus que recebiam promessas de Deus, n\u00e3o \u00e9 a  mesma coisa que time. Mas n\u00f3s, como Paulo, entendemos que somos povo de Deus,  todos que t\u00eam f\u00e9 em Cristo Jesus, inclusive judeus e outros. Paulo  defende o mesmo ponto de vista. Mas mesmo com uma voca\u00e7\u00e3o especial para anunciar o evangelho para n\u00e3o-judeus, Paulo entendia que os judeus eram \u201cespeciais\u201d  por terem sido ve\u00edculos das promessas de Deus, acima de tudo, do pr\u00f3prio  Messias.<\/p>\n<p>Ser\u00e1 que somos t\u00e3o diferentes? N\u00f3s tamb\u00e9m n\u00e3o nos entendemos como povo de Deus com uma voca\u00e7\u00e3o do tamanho do mundo, chamados como portadores de boas not\u00edcias para todos os povos e at\u00e9 mesmo para toda a cria\u00e7\u00e3o[1]? Vestimos as cores do nosso time?<\/p>\n<p><strong>Ora\u00e7\u00e3o<\/strong><\/p>\n<p style=\"padding-left: 30px\"><em>Amado Pai. Gra\u00e7as Te damos pela fam\u00edlia do povo de Deus para o qual nos chamou. Derrame sobre n\u00f3s o Teu Esp\u00edrito para que entendamos a nossa rela\u00e7\u00e3o com tudo mais e todos os demais que o Senhor criou. Em nome de Jesus. Am\u00e9m.<\/em><\/p>\n<hr size=\"1\" \/>[1] A palavra para \u201ccria\u00e7\u00e3o\u201d e \u201ccriatura\u201d \u00e9 a mesma no grego. Portanto, geralmente pode substituir uma pela outra. Experimente&#8230;(Mc 16.15; Rm 1.25; 2Co 5.17; Gl 6.15)<\/p>\n","protected":false},"excerpt":{"rendered":"<p>Sinto uma grande tristeza e uma dor sem fim no cora\u00e7\u00e3o, por causa do meu povo, que \u00e9 minha ra\u00e7a e meu sangue. Para o bem desse povo, eu mesmo poderia desejar receber a maldi\u00e7\u00e3o de Deus e ficar separado de Cristo. (NTLH) Reflex\u00e3o S\u00e1bado fui buscar um deck que encomendei para uma nova prancha [&hellip;]<\/p>\n","protected":false},"author":25,"featured_media":0,"comment_status":"open","ping_status":"open","sticky":false,"template":"","format":"standard","meta":{"ngg_post_thumbnail":0,"footnotes":""},"categories":[5447,12415],"tags":[],"class_list":["post-333","post","type-post","status-publish","format-standard","hentry","category-devocional","category-romanos"],"_links":{"self":[{"href":"https:\/\/ultimato.com.br\/sites\/timcarriker\/wp-json\/wp\/v2\/posts\/333","targetHints":{"allow":["GET"]}}],"collection":[{"href":"https:\/\/ultimato.com.br\/sites\/timcarriker\/wp-json\/wp\/v2\/posts"}],"about":[{"href":"https:\/\/ultimato.com.br\/sites\/timcarriker\/wp-json\/wp\/v2\/types\/post"}],"author":[{"embeddable":true,"href":"https:\/\/ultimato.com.br\/sites\/timcarriker\/wp-json\/wp\/v2\/users\/25"}],"replies":[{"embeddable":true,"href":"https:\/\/ultimato.com.br\/sites\/timcarriker\/wp-json\/wp\/v2\/comments?post=333"}],"version-history":[{"count":0,"href":"https:\/\/ultimato.com.br\/sites\/timcarriker\/wp-json\/wp\/v2\/posts\/333\/revisions"}],"wp:attachment":[{"href":"https:\/\/ultimato.com.br\/sites\/timcarriker\/wp-json\/wp\/v2\/media?parent=333"}],"wp:term":[{"taxonomy":"category","embeddable":true,"href":"https:\/\/ultimato.com.br\/sites\/timcarriker\/wp-json\/wp\/v2\/categories?post=333"},{"taxonomy":"post_tag","embeddable":true,"href":"https:\/\/ultimato.com.br\/sites\/timcarriker\/wp-json\/wp\/v2\/tags?post=333"}],"curies":[{"name":"wp","href":"https:\/\/api.w.org\/{rel}","templated":true}]}}