{"id":331,"date":"2010-07-27T09:30:07","date_gmt":"2010-07-27T11:30:07","guid":{"rendered":"http:\/\/eco-devocional.com\/?p=230"},"modified":"2010-07-27T09:30:07","modified_gmt":"2010-07-27T11:30:07","slug":"semana-30-romanos-8-19-21","status":"publish","type":"post","link":"https:\/\/ultimato.com.br\/sites\/timcarriker\/2010\/07\/27\/semana-30-romanos-8-19-21\/","title":{"rendered":"Semana 30: Romanos 8.19-21"},"content":{"rendered":"<p style=\"padding-left: 30px\"><em>O Universo todo espera com muita impaci\u00eancia o momento em que Deus vai revelar o que os seus filhos realmente s\u00e3o. Pois o Universo se tornou in\u00fatil, n\u00e3o pela sua pr\u00f3pria vontade, mas porque Deus quis que fosse assim. Por\u00e9m existe esta esperan\u00e7a: Um dia o pr\u00f3prio Universo ficar\u00e1 livre do poder destruidor que o mant\u00e9m escravo e tomar\u00e1 parte na gloriosa liberdade dos filhos de Deus. <\/em>(NTLH)<\/p>\n<p><strong>Reflex\u00e3o<\/strong><\/p>\n<p>Neste final de cap\u00edtulo 8, t\u00e3o crucial para a milit\u00e2ncia evang\u00e9lica socioambientalista, Paulo trata a cria\u00e7\u00e3o toda (traduzido como \u201cuniverso\u201d acima, mas a palavra em grego \u00e9 \u201ccria\u00e7\u00e3o\u201d), <em>n\u00e3o como uma <span style=\"text-decoration: underline\">coisa<\/span>, mas como <span style=\"text-decoration: underline\">pessoa<\/span>. <\/em>Acho isto fascinante. N\u00e3o que Paulo achava que a cria\u00e7\u00e3o fosse, de fato, uma pessoa humana. Paulo sabia bem como usar uma met\u00e1fora. Mas tem a ver com perspectiva e trato. A cria\u00e7\u00e3o \u00e9 obra de Deus e assim reflete algo do criador. N\u00f3s evang\u00e9lico gostamos de acrescentar que a cria\u00e7\u00e3o \u00e9\u00a0<em>distinta<\/em> do Criador, para resguardar contra o panteismo. E, tudo bem, \u00e9 distinta, sim. Mas mesmo assim, a cria\u00e7\u00e3o merece o nosso cuidado <em>carinhoso<\/em> no trato. \u00c9 isso que Paulo est\u00e1 fazendo quando ele a trata como pessoa. Claro que n\u00e3o estamos falando de adora\u00e7\u00e3o. Mas carinho.<\/p>\n<p>Segundo, nesta passagem, a cria\u00e7\u00e3o espera e aguarda uma \u201crevela\u00e7\u00e3o\u201d da gente, dos seguidores de Cristo. Qual a natureza desta revela\u00e7\u00e3o? Dentro do contexto maior deste cap\u00edtulo e do cap\u00edtulo 7, \u00e9 a revela\u00e7\u00e3o de gente transformada, gente andando conforme o Esp\u00edrito de Deus, e n\u00e3o conforme a natureza humana. Esta import\u00e2ncia geralmente nos escapa. O que significa? Significa que a transforma\u00e7\u00e3o do meio ambiente come\u00e7a com a transforma\u00e7\u00e3o da gente. Nisto acredito que ambientalistas de modo geral iriam concordar. Mas a gente trasformada \u00e9 espec\u00edfica. S\u00e3o os \u201cfilhos de Deus\u201d, obviamente os seguidores de Cristo. N\u00f3s temos responsabilidade dobrada. Porque o que mais pode mudar o interior, os valores mais fundamentais do nosso ser? J\u00e1 sabemos. Somente Deus, e ele j\u00e1 providenciou tal transforma\u00e7\u00e3o por meio da cruz. Logo, n\u00f3s crist\u00e3os, que fazemos parte da cria\u00e7\u00e3o, transformaremos de fato a cria\u00e7\u00e3o, quando n\u00f3s mesmos formos transformados cada vez mais.<\/p>\n<p><strong>Ora\u00e7\u00e3o<\/strong><\/p>\n<p style=\"padding-left: 30px\"><em>Pai, nossa transforma\u00e7\u00e3o parece t\u00e3o lenta e, \u00e0s vezes, parcial. Estamos sempre aprendendo coisas novas e o Teu Esp\u00edrito sempre est\u00e1 agindo em novas dimens\u00f5es da nossa vida. Como \u00e9 bom sermos vasos em Tuas m\u00e3os. Gra\u00e7as Te damos. Em nome de Cristo Jesus. Am\u00e9m.<\/em><\/p>\n","protected":false},"excerpt":{"rendered":"<p>O Universo todo espera com muita impaci\u00eancia o momento em que Deus vai revelar o que os seus filhos realmente s\u00e3o. Pois o Universo se tornou in\u00fatil, n\u00e3o pela sua pr\u00f3pria vontade, mas porque Deus quis que fosse assim. Por\u00e9m existe esta esperan\u00e7a: Um dia o pr\u00f3prio Universo ficar\u00e1 livre do poder destruidor que o [&hellip;]<\/p>\n","protected":false},"author":25,"featured_media":0,"comment_status":"open","ping_status":"open","sticky":false,"template":"","format":"standard","meta":{"ngg_post_thumbnail":0,"footnotes":""},"categories":[5447,12415],"tags":[],"class_list":["post-331","post","type-post","status-publish","format-standard","hentry","category-devocional","category-romanos"],"_links":{"self":[{"href":"https:\/\/ultimato.com.br\/sites\/timcarriker\/wp-json\/wp\/v2\/posts\/331","targetHints":{"allow":["GET"]}}],"collection":[{"href":"https:\/\/ultimato.com.br\/sites\/timcarriker\/wp-json\/wp\/v2\/posts"}],"about":[{"href":"https:\/\/ultimato.com.br\/sites\/timcarriker\/wp-json\/wp\/v2\/types\/post"}],"author":[{"embeddable":true,"href":"https:\/\/ultimato.com.br\/sites\/timcarriker\/wp-json\/wp\/v2\/users\/25"}],"replies":[{"embeddable":true,"href":"https:\/\/ultimato.com.br\/sites\/timcarriker\/wp-json\/wp\/v2\/comments?post=331"}],"version-history":[{"count":0,"href":"https:\/\/ultimato.com.br\/sites\/timcarriker\/wp-json\/wp\/v2\/posts\/331\/revisions"}],"wp:attachment":[{"href":"https:\/\/ultimato.com.br\/sites\/timcarriker\/wp-json\/wp\/v2\/media?parent=331"}],"wp:term":[{"taxonomy":"category","embeddable":true,"href":"https:\/\/ultimato.com.br\/sites\/timcarriker\/wp-json\/wp\/v2\/categories?post=331"},{"taxonomy":"post_tag","embeddable":true,"href":"https:\/\/ultimato.com.br\/sites\/timcarriker\/wp-json\/wp\/v2\/tags?post=331"}],"curies":[{"name":"wp","href":"https:\/\/api.w.org\/{rel}","templated":true}]}}