{"id":330,"date":"2010-07-21T10:54:18","date_gmt":"2010-07-21T12:54:18","guid":{"rendered":"http:\/\/eco-devocional.com\/?p=213"},"modified":"2010-07-21T10:54:18","modified_gmt":"2010-07-21T12:54:18","slug":"semana-29-romanos-8-17-19","status":"publish","type":"post","link":"https:\/\/ultimato.com.br\/sites\/timcarriker\/2010\/07\/21\/semana-29-romanos-8-17-19\/","title":{"rendered":"Semana 29: Romanos 8.17-19"},"content":{"rendered":"<p style=\"padding-left: 30px\"><em>E se somos seus filhos, tamb\u00e9m somos <span style=\"text-decoration: underline\">herdeiros<\/span>. Isto mesmo! <span style=\"text-decoration: underline\">Herdeiros<\/span> de Deus e herdeiros <span style=\"text-decoration: underline\">junto com\u00a0 Cristo<\/span>! Isto significa que se sofremos <span style=\"text-decoration: underline\">junto com Cristo<\/span>, pode ter certeza que <span style=\"text-decoration: underline\">junto com Cristo<\/span> tomaremos parte da <span style=\"text-decoration: underline\">sua gl\u00f3ria<\/span>. Ora, pelo meu c\u00e1lculo, o que n\u00f3s sofremos agora n\u00e3o tem a menor import\u00e2ncia diante da <span style=\"text-decoration: underline\">gl\u00f3ria<\/span> que carregamos, como gr\u00e1vidas, dentro de n\u00f3s. Porque a expectativa atenta da cria\u00e7\u00e3o aguarda persistentemente o desvelamento dos filhos de Deus. <\/em>(minha tradu\u00e7\u00e3o)<\/p>\n<p><strong>Reflex\u00e3o<\/strong><\/p>\n<p>Eu preciso voltar para tr\u00e1s para considerar novamente os vers\u00edculos das \u00faltimas duas devocionais acima. Veja o destaque sublinhado. Tipicamente, algo passa despercebido nestes vers\u00edculos. A leitura de dois coment\u00e1rios sobre Romanos, por Tom Wright, me ajudou. Aqui est\u00e1&#8230;<\/p>\n<p>A  linguagem da heran\u00e7a para os judeus remetia a mem\u00f3ria para a promessa  aos filhos de Israel de herdar a Terra de Cana\u00e3. H\u00e1 v\u00e1rios ind\u00edcios que a passagem acima ecoa este pano de fundo. A promessa \u00e9 ampliada no Salmo  2.8 para <span style=\"text-decoration: underline\">o<\/span> filho representante de Israel, o Messias: \u201cPede-me, e eu te darei as na\u00e7\u00f5es por heran\u00e7a e as extremidades da terra por tua possess\u00e3o. \u201d (Revista e Atualizada) E esta \u00e9 a mesma promessa mencionada por Paulo em Romanos 4.13, dada para os filhos de Abra\u00e3o, explicitando a promessa de G\u00eanesis 12.3, que herdar\u00e3o o <em>mundo <\/em>(a palavra mema \u00e9 <em>kosmos<\/em>). O que isto significa para a primeira parte da nossa passagem acima \u00e9 que os seguidores de Cristo, como herdeiros de Cristo, participar\u00e3o na sua \u201cgl\u00f3ria\u201d, isto \u00e9, no seu glorioso dom\u00ednio sobre o mundo inteiro, inclusive todos os povos e toda a cria\u00e7\u00e3o, enfim, o <em>kosmos<\/em>. Paulo j\u00e1 havia dado algumas dicas semelhantes a isto em Romanos 5.2, e explicitado ainda mais em Romanos 5.17. Parece estranho? N\u00e3o se convenceu? Agora leia 1 Cor\u00edntios 6.2-3 escrito <em>antes<\/em> ainda de Romanos.<\/p>\n<p>Pronto.  Isto significa, nas palavras de Wright, \u201cque o mundo inteiro, toda a cria\u00e7\u00e3o, ser\u00e1 refeita para o Messias e o Seu povo.&#8221; \u00a0Ele tamb\u00e9m  diz que &#8220;com a sua eventual vindica\u00e7\u00e3o e ressurrei\u00e7\u00e3o, a pr\u00f3pria cria\u00e7\u00e3o inteira ser\u00e1 liberta da  corrup\u00e7\u00e3o e da decad\u00eancia\u201d. Existe alguma afirma\u00e7\u00e3o \u201cconservacionista\u201d  maior? Acho que a palavra melhor \u00e9 \u201ctransformacionista\u201d. E n\u00f3s temos parte nisto.  Cansou de ouvir isto. Estou cantando para o coral? Da\u00ed que vem a segunda parte da passagem acima, que diz basicamente: \u201c\u00e2nimo! O nen\u00ea est\u00e1 para nascer e o parteiro \u00e9 o pr\u00f3prio Deus. Logo nascer\u00e1 mesmo. E n\u00f3s temos o privil\u00e9gio  de ser as m\u00e3es.\u201d<\/p>\n<p><strong>Ora\u00e7\u00e3o<\/strong><\/p>\n<p style=\"padding-left: 30px\"><em>Novamente  ficamos espantados pela magnitude da nossa voca\u00e7\u00e3o, mas n\u00e3o  desesperados, pois Tu prometeste e sempre cumpres a Tuas promessas. Qu\u00e3o  maravilhoso Tu \u00e9s. Gra\u00e7as Te damos em Cristo Jesus. Am\u00e9m.<\/em><\/p>\n","protected":false},"excerpt":{"rendered":"<p>E se somos seus filhos, tamb\u00e9m somos herdeiros. Isto mesmo! Herdeiros de Deus e herdeiros junto com\u00a0 Cristo! Isto significa que se sofremos junto com Cristo, pode ter certeza que junto com Cristo tomaremos parte da sua gl\u00f3ria. Ora, pelo meu c\u00e1lculo, o que n\u00f3s sofremos agora n\u00e3o tem a menor import\u00e2ncia diante da gl\u00f3ria [&hellip;]<\/p>\n","protected":false},"author":25,"featured_media":0,"comment_status":"open","ping_status":"open","sticky":false,"template":"","format":"standard","meta":{"ngg_post_thumbnail":0,"footnotes":""},"categories":[5447,12415],"tags":[],"class_list":["post-330","post","type-post","status-publish","format-standard","hentry","category-devocional","category-romanos"],"_links":{"self":[{"href":"https:\/\/ultimato.com.br\/sites\/timcarriker\/wp-json\/wp\/v2\/posts\/330","targetHints":{"allow":["GET"]}}],"collection":[{"href":"https:\/\/ultimato.com.br\/sites\/timcarriker\/wp-json\/wp\/v2\/posts"}],"about":[{"href":"https:\/\/ultimato.com.br\/sites\/timcarriker\/wp-json\/wp\/v2\/types\/post"}],"author":[{"embeddable":true,"href":"https:\/\/ultimato.com.br\/sites\/timcarriker\/wp-json\/wp\/v2\/users\/25"}],"replies":[{"embeddable":true,"href":"https:\/\/ultimato.com.br\/sites\/timcarriker\/wp-json\/wp\/v2\/comments?post=330"}],"version-history":[{"count":0,"href":"https:\/\/ultimato.com.br\/sites\/timcarriker\/wp-json\/wp\/v2\/posts\/330\/revisions"}],"wp:attachment":[{"href":"https:\/\/ultimato.com.br\/sites\/timcarriker\/wp-json\/wp\/v2\/media?parent=330"}],"wp:term":[{"taxonomy":"category","embeddable":true,"href":"https:\/\/ultimato.com.br\/sites\/timcarriker\/wp-json\/wp\/v2\/categories?post=330"},{"taxonomy":"post_tag","embeddable":true,"href":"https:\/\/ultimato.com.br\/sites\/timcarriker\/wp-json\/wp\/v2\/tags?post=330"}],"curies":[{"name":"wp","href":"https:\/\/api.w.org\/{rel}","templated":true}]}}