{"id":329,"date":"2010-06-17T21:18:05","date_gmt":"2010-06-17T23:18:05","guid":{"rendered":"http:\/\/eco-devocional.com\/?p=199"},"modified":"2010-06-17T21:18:05","modified_gmt":"2010-06-17T23:18:05","slug":"semana-24-romanos-7-25-8-2","status":"publish","type":"post","link":"https:\/\/ultimato.com.br\/sites\/timcarriker\/2010\/06\/17\/semana-24-romanos-7-25-8-2\/","title":{"rendered":"Semana 24: Romanos 7.25-8.2"},"content":{"rendered":"<p style=\"padding-left: 30px\"><em>Que  sujeito miser\u00e1vel eu sou! Quem me libertar\u00e1 desta morte do corpo? \u00c9 Deus  que me presenteia com uma sa\u00edda e esta sa\u00edda \u00e9 Jesus Cristo, o nosso  Senhor. Porque antes, mesmo sabendo o que \u00e9 correto na minha cabe\u00e7a,  acabava fazendo o que \u00e9 errado compulsivamente. Mas agora, existe um  escape da compuls\u00e3o beco sem sa\u00edda, que \u00e9 a vida dos seguidores de Jesus  Cristo vivida pelo Esp\u00edrito com tranquilidade. <\/em>(tradu\u00e7\u00e3o minha)<\/p>\n<p><strong>Reflex\u00e3o<\/strong><\/p>\n<p>Romanos 7 termina enfatizando  o desespero do ser humano, na figura de Ad\u00e3o, criado \u00e0 imagem e \u00e0  semelhan\u00e7a de Deus e, portanto, querendo servir a Deus, mas sem poder  faz\u00ea-lo devido \u00e0 a\u00e7\u00e3o do pecado no seu \u00edntimo. E o cap\u00edtulo 8 come\u00e7a com  a solu\u00e7\u00e3o do dilema. Em Cristo Jesus somos libertos desta pris\u00e3o ao  pecado e isto \u00e9 efetuado pela a\u00e7\u00e3o do Esp\u00edrito dentro de n\u00f3s. O assunto  que Paulo est\u00e1 tratando \u00e9 bem conhecido: a natureza humana, que nada  mais \u00e9 que a condi\u00e7\u00e3o pecaminosa de todas as pessoas. Mas \u00e9  especialmente interessante para n\u00f3s que Paulo n\u00e3o termina por a\u00ed. Porque  a natureza \u201chumana\u201d faz parte da natureza da \u201cnatureza\u201d, ou para n\u00f3s  que preferimos chamar a natureza de \u201ccria\u00e7\u00e3o\u201d, a natureza da cria\u00e7\u00e3o  toda. Mesmo que a sequ\u00eancia do dilema seja o contr\u00e1rio: foi a queda  pecaminosa do ser humano que provocou (e ainda provoca) a encrenca da  cria\u00e7\u00e3o.<\/p>\n<p>Agora, vejamos a solu\u00e7\u00e3o: Jesus  Cristo. Efetuado como? Pelo Esp\u00edrito. Isto nas nossas vidas humanas e um  pouquinho mais para frente a gente ver\u00e1 que tamb\u00e9m \u00e9 a solu\u00e7\u00e3o da  cria\u00e7\u00e3o ca\u00edda.\u00a0\u00a0Ou seja, a principal solu\u00e7\u00e3o e a solu\u00e7\u00e3o  definitiva da cria\u00e7\u00e3o, ou usando a linguagem mais contempor\u00e2nea: do  ecosistema, prov\u00e9m daqueles que vivem pelo Esp\u00edrito de Deus,  transformados e justi\u00e7a-ficados em Jesus Cristo.<\/p>\n<p>Mas como? Como? Como? Esta  pergunta exige, antes duma resposta, bastante medita\u00e7\u00e3o e contempla\u00e7\u00e3o.  Faremos isto nesta semana?<\/p>\n<p><strong>Ora\u00e7\u00e3o<\/strong><\/p>\n<p style=\"padding-left: 30px\"><em>Pai amado, quanta  responsabilidade, qu\u00e3o grande tarefa que nos deste, qu\u00e3o grande o seu  plano, alcan\u00e7ando o mundo de gente e alcan\u00e7ando a mundo todo.  Transforme-nos mesmo, Senhor, para o resgate do mundo inteiro, para a  sua pr\u00f3pria gl\u00f3ria. Am\u00e9m.<\/em><\/p>\n","protected":false},"excerpt":{"rendered":"<p>Que sujeito miser\u00e1vel eu sou! Quem me libertar\u00e1 desta morte do corpo? \u00c9 Deus que me presenteia com uma sa\u00edda e esta sa\u00edda \u00e9 Jesus Cristo, o nosso Senhor. Porque antes, mesmo sabendo o que \u00e9 correto na minha cabe\u00e7a, acabava fazendo o que \u00e9 errado compulsivamente. Mas agora, existe um escape da compuls\u00e3o beco [&hellip;]<\/p>\n","protected":false},"author":25,"featured_media":0,"comment_status":"open","ping_status":"open","sticky":false,"template":"","format":"standard","meta":{"ngg_post_thumbnail":0,"footnotes":""},"categories":[5447,12415],"tags":[],"class_list":["post-329","post","type-post","status-publish","format-standard","hentry","category-devocional","category-romanos"],"_links":{"self":[{"href":"https:\/\/ultimato.com.br\/sites\/timcarriker\/wp-json\/wp\/v2\/posts\/329","targetHints":{"allow":["GET"]}}],"collection":[{"href":"https:\/\/ultimato.com.br\/sites\/timcarriker\/wp-json\/wp\/v2\/posts"}],"about":[{"href":"https:\/\/ultimato.com.br\/sites\/timcarriker\/wp-json\/wp\/v2\/types\/post"}],"author":[{"embeddable":true,"href":"https:\/\/ultimato.com.br\/sites\/timcarriker\/wp-json\/wp\/v2\/users\/25"}],"replies":[{"embeddable":true,"href":"https:\/\/ultimato.com.br\/sites\/timcarriker\/wp-json\/wp\/v2\/comments?post=329"}],"version-history":[{"count":0,"href":"https:\/\/ultimato.com.br\/sites\/timcarriker\/wp-json\/wp\/v2\/posts\/329\/revisions"}],"wp:attachment":[{"href":"https:\/\/ultimato.com.br\/sites\/timcarriker\/wp-json\/wp\/v2\/media?parent=329"}],"wp:term":[{"taxonomy":"category","embeddable":true,"href":"https:\/\/ultimato.com.br\/sites\/timcarriker\/wp-json\/wp\/v2\/categories?post=329"},{"taxonomy":"post_tag","embeddable":true,"href":"https:\/\/ultimato.com.br\/sites\/timcarriker\/wp-json\/wp\/v2\/tags?post=329"}],"curies":[{"name":"wp","href":"https:\/\/api.w.org\/{rel}","templated":true}]}}