{"id":328,"date":"2010-06-10T10:00:48","date_gmt":"2010-06-10T12:00:48","guid":{"rendered":"http:\/\/eco-devocional.com\/?p=197"},"modified":"2010-06-10T10:00:48","modified_gmt":"2010-06-10T12:00:48","slug":"semana-23-romanos-7-7-9","status":"publish","type":"post","link":"https:\/\/ultimato.com.br\/sites\/timcarriker\/2010\/06\/10\/semana-23-romanos-7-7-9\/","title":{"rendered":"Semana 23: Romanos 7.7\u20269"},"content":{"rendered":"<p style=\"padding-left: 30px\"><em>O que significa tudo isto? A Lei \u00e9 pecado? Certamente n\u00e3o! Porque se n\u00e3o fosse pela Lei, \u201ceu\u201d n\u00e3o teria conhecido o pecado. \u201cEu\u201d n\u00e3o teria desejos pecaminosos se a Lei n\u00e3o tivesse dito, \u201cN\u00e3o tenha desejos pecaminosos\u201d&#8230;.Pois houve um dia em que \u201ceu\u201d vivia sem conhecer a Lei. Mas quando o mandamento veio, o pecado surgiu, e \u201ceu\u201d morri e o mandamento que deveria ser vida para mim pronunciou a minha senten\u00e7a de morte. <\/em>(tradu\u00e7\u00e3o minha)<em> <\/em><\/p>\n<p><strong>Reflex\u00e3o<\/strong><\/p>\n<p>At\u00e9 entre os melhores comentaristas da B\u00edblia, este cap\u00edtulo de Romanos causa muita confus\u00e3o&#8230;mas desnecessariamente. Pois hoje sabemos que o uso dum \u201ceu\u201d fict\u00edcio fazia parte da t\u00e9cnica que os gregos antigos usavam para fazer palestras, a t\u00e9cnica da ret\u00f3rica, que possu\u00eda at\u00e9 manual.<a href=\"#_ftn1\">[1]<\/a> Por isso, coloquei \u201ceu\u201d entre aspas. Porque Paulo <em>n\u00e3o<\/em> est\u00e1 falando de si mesmo, mas de outro, como se fosse ele. E quem era este \u201ceu\u201d? Era Ad\u00e3o.<a href=\"#_ftn2\">[2]<\/a> Quem mais na hist\u00f3ria b\u00edblica poderia dizer que vivia antes da Lei (dada no Monte Sinai) mas que conhecia o mandamento proibindo a cobi\u00e7a (no caso, de comer do fruto da \u00e1rvore do conhecimento) e que foi este mandamento que trouxe a sua morte?<\/p>\n<p>Sendo Ad\u00e3o e n\u00e3o Paulo, isto muda radicamente a interpreta\u00e7\u00e3o dos vers\u00edculos seguintes. Pois n\u00e3o \u00e9 Paulo, crente em Jesus, que faz o que n\u00e3o quer e o que quer n\u00e3o consegue fazer. \u00c9 Ad\u00e3o na codi\u00e7\u00e3o do ser humano ca\u00eddo. Ou seja, Paulo n\u00e3o est\u00e1 escrevendo sobre um conflito interno do crente e sim sobre a vida dos descrente! Eu sei, eu sei, \u201ctudo isto \u00e9 uma quest\u00e3o de opini\u00e3o e interpreta\u00e7\u00e3o\u201d dizem os mais atentos S\u00f3 que at\u00e9 o s\u00e9culo IV, quando a lideran\u00e7a da igreja era predominantemente da cultura grega, todos concordavam com esta interpreta\u00e7\u00e3o (muitos biblistas hoje n\u00e3o sabem disto)! Somente quando houve uma lideran\u00e7a latina (come\u00e7ando com Agostinho) a interpreta\u00e7\u00e3o mudou.<\/p>\n<p>Por enquanto isto n\u00e3o parece nada devocional, n\u00e3o \u00e9, com nota de rodap\u00e9 e tudo!? Mas se for verdade o que eu digo significa que h\u00e1 mudan\u00e7a substancial para aqueles que cre\u00eam em Jesus e que a sua justi\u00e7a-fica\u00e7\u00e3o tamb\u00e9m \u00e9 substancial (Rm 8.1-3)&#8230;e que a transforma\u00e7\u00e3o da cria\u00e7\u00e3o por meio dos crentes, assunto do pr\u00f3ximo cap\u00edtulo 8, tamb\u00e9m \u00e9 poss\u00edvel <em>substancialmente<\/em>!<\/p>\n<p>Pense nisto. S\u00e9rio.<\/p>\n<p><strong>Ora\u00e7\u00e3o<\/strong><\/p>\n<p style=\"padding-left: 30px\"><em>Pai, gra\u00e7as te dou que nos resgatou, e mesmo sendo eu uma obra ainda em constru\u00e7\u00e3o, Tu j\u00e1 tens realizado maravilhas em n\u00f3s. Em nome de Cristo Jesus. Am\u00e9m.<\/em><\/p>\n<hr size=\"1\" \/><a href=\"#_ftnref1\">[1]<\/a> Paulo foi formado nesta escola durante a sua adolesc\u00eancia em Tarso.<\/p>\n<p><a href=\"#_ftnref2\">[2]<\/a> Abra\u00e3o era o referencial do cen\u00e1rio de discuss\u00e3o no cap\u00edtulo 4, como Ad\u00e3o o era n\u00e3o s\u00f3 no cap\u00edtulo 5, como tamb\u00e9m, sugiro, nos cap\u00edtulos 6 e 7.<\/p>\n","protected":false},"excerpt":{"rendered":"<p>O que significa tudo isto? A Lei \u00e9 pecado? Certamente n\u00e3o! Porque se n\u00e3o fosse pela Lei, \u201ceu\u201d n\u00e3o teria conhecido o pecado. \u201cEu\u201d n\u00e3o teria desejos pecaminosos se a Lei n\u00e3o tivesse dito, \u201cN\u00e3o tenha desejos pecaminosos\u201d&#8230;.Pois houve um dia em que \u201ceu\u201d vivia sem conhecer a Lei. Mas quando o mandamento veio, o [&hellip;]<\/p>\n","protected":false},"author":25,"featured_media":0,"comment_status":"open","ping_status":"open","sticky":false,"template":"","format":"standard","meta":{"ngg_post_thumbnail":0,"footnotes":""},"categories":[5447,12415],"tags":[],"class_list":["post-328","post","type-post","status-publish","format-standard","hentry","category-devocional","category-romanos"],"_links":{"self":[{"href":"https:\/\/ultimato.com.br\/sites\/timcarriker\/wp-json\/wp\/v2\/posts\/328","targetHints":{"allow":["GET"]}}],"collection":[{"href":"https:\/\/ultimato.com.br\/sites\/timcarriker\/wp-json\/wp\/v2\/posts"}],"about":[{"href":"https:\/\/ultimato.com.br\/sites\/timcarriker\/wp-json\/wp\/v2\/types\/post"}],"author":[{"embeddable":true,"href":"https:\/\/ultimato.com.br\/sites\/timcarriker\/wp-json\/wp\/v2\/users\/25"}],"replies":[{"embeddable":true,"href":"https:\/\/ultimato.com.br\/sites\/timcarriker\/wp-json\/wp\/v2\/comments?post=328"}],"version-history":[{"count":0,"href":"https:\/\/ultimato.com.br\/sites\/timcarriker\/wp-json\/wp\/v2\/posts\/328\/revisions"}],"wp:attachment":[{"href":"https:\/\/ultimato.com.br\/sites\/timcarriker\/wp-json\/wp\/v2\/media?parent=328"}],"wp:term":[{"taxonomy":"category","embeddable":true,"href":"https:\/\/ultimato.com.br\/sites\/timcarriker\/wp-json\/wp\/v2\/categories?post=328"},{"taxonomy":"post_tag","embeddable":true,"href":"https:\/\/ultimato.com.br\/sites\/timcarriker\/wp-json\/wp\/v2\/tags?post=328"}],"curies":[{"name":"wp","href":"https:\/\/api.w.org\/{rel}","templated":true}]}}