{"id":327,"date":"2010-06-01T19:38:12","date_gmt":"2010-06-01T21:38:12","guid":{"rendered":"http:\/\/eco-devocional.com\/?p=193"},"modified":"2010-06-01T19:38:12","modified_gmt":"2010-06-01T21:38:12","slug":"semana-22-romanos-7-6","status":"publish","type":"post","link":"https:\/\/ultimato.com.br\/sites\/timcarriker\/2010\/06\/01\/semana-22-romanos-7-6\/","title":{"rendered":"Semana 22: Romanos 7.6"},"content":{"rendered":"<p style=\"padding-left: 30px\"><em>Mas agora a lei n\u00e3o tem mas nenhum poder sobre n\u00f3s. Seu poder de nos prender morreu para que sejamos servos na novidade do Esp\u00edrito e n\u00e3o no Escrito ultrapassado. <\/em>(tradu\u00e7\u00e3o minha)<\/p>\n<p><strong>Reflex\u00e3o<\/strong><\/p>\n<p>A nossa f\u00e9 \u00e9 uma f\u00e9 do \u201cEscrito\u201d, pelo menos no sentido de vivermos uma f\u00e9 revelada, em que esta revela\u00e7\u00e3o foi transcrita em palavras sagradas, que reconhecemos como Sagradas Escrituras. N\u00e3o \u00e9 uma f\u00e9 meramente do \u201ceu acho\u201d ou \u201ceu sinto\u201d. Deus falou por meio dos profetas e Sua Palavra \u00e9 segura, confi\u00e1vel, mais do que qualquer outra fonte da \u201cverdade\u201d. Por isso, a tradu\u00e7\u00e3o acima pode parecer estranha. E at\u00e9 mesmo na \u00e9poca de Paulo e para seus leitores deu bastante confus\u00e3o e controv\u00e9rsia. E sinceramente, n\u00e3o adianta tentar \u201cresolver\u201d o conflito dizendo que o \u201cEscrito\u201d certamente n\u00e3o se referia \u00e0s Escrituras. N\u00e3o resolve simplesmente porque se referia, sim, \u00e0s Escrituras. Esta n\u00e3o \u00e9 a quest\u00e3o. A quest\u00e3o \u00e9 o que Paulo queria dizer. Que as Escrituras n\u00e3o eram sagradas e que s\u00e3o inferiores a voz de Deus no nosso interior? Tamb\u00e9m n\u00e3o. Afinal, cita incansavelmente as Escrituras em Romanos, mais do que em todas as suas outras cartas juntas (!) para apresentar o seu ponto de vista como a postura \u201cb\u00edblica\u201d. E a\u00ed \u00e9 que est\u00e1 a quest\u00e3o. Pois, os seus opositores tamb\u00e9m argumentavam e contra argumentavam a partir da sua compreens\u00e3o das Escrituras. Ou seja, \u00e9 poss\u00edvel, at\u00e9 f\u00e1cil, ler as Escrituras com os \u201colhos errados\u201d,\u00a0 os olhos do \u201cao p\u00e9 da letra\u201d e n\u00e3o os olhos do Esp\u00edrito.<\/p>\n<p>Os olhos do \u201cao p\u00e9 da letra\u201d s\u00e3o r\u00edgidos, literais, mec\u00e2nicos, explicativos e frios. S\u00e3o olhos <em>nossos<\/em>. N\u00e3o necessitam de ora\u00e7\u00e3o e nem de devo\u00e7\u00e3o. Os olhos do Esp\u00edrito s\u00e3o compassivos, metaf\u00f3ricos, maravilhados e profundamente tementes a Deus. N\u00e3o s\u00e3o olhos nossos. Pertencem a Outro, o Divino, algo inexplic\u00e1vel. Temos que ir al\u00e9m de n\u00f3s para ver por meio deles. Ver o qu\u00ea? Certamente e acima de tudo, o ensino das Escrituras e por meio delas, a verdade que nos cerca num mundo criado por Deus. Compreende?<\/p>\n<p><strong>Ora\u00e7\u00e3o<\/strong><\/p>\n<p style=\"padding-left: 30px\"><em>Desejamos exergar para entender, para assumir, para ser Teu instrumento. Encha-nos do Teu Esp\u00edrito. Em nome de Jesus. Am\u00e9m.<\/em><\/p>\n","protected":false},"excerpt":{"rendered":"<p>Mas agora a lei n\u00e3o tem mas nenhum poder sobre n\u00f3s. Seu poder de nos prender morreu para que sejamos servos na novidade do Esp\u00edrito e n\u00e3o no Escrito ultrapassado. (tradu\u00e7\u00e3o minha) Reflex\u00e3o A nossa f\u00e9 \u00e9 uma f\u00e9 do \u201cEscrito\u201d, pelo menos no sentido de vivermos uma f\u00e9 revelada, em que esta revela\u00e7\u00e3o foi [&hellip;]<\/p>\n","protected":false},"author":25,"featured_media":0,"comment_status":"open","ping_status":"open","sticky":false,"template":"","format":"standard","meta":{"ngg_post_thumbnail":0,"footnotes":""},"categories":[5447,12415],"tags":[],"class_list":["post-327","post","type-post","status-publish","format-standard","hentry","category-devocional","category-romanos"],"_links":{"self":[{"href":"https:\/\/ultimato.com.br\/sites\/timcarriker\/wp-json\/wp\/v2\/posts\/327","targetHints":{"allow":["GET"]}}],"collection":[{"href":"https:\/\/ultimato.com.br\/sites\/timcarriker\/wp-json\/wp\/v2\/posts"}],"about":[{"href":"https:\/\/ultimato.com.br\/sites\/timcarriker\/wp-json\/wp\/v2\/types\/post"}],"author":[{"embeddable":true,"href":"https:\/\/ultimato.com.br\/sites\/timcarriker\/wp-json\/wp\/v2\/users\/25"}],"replies":[{"embeddable":true,"href":"https:\/\/ultimato.com.br\/sites\/timcarriker\/wp-json\/wp\/v2\/comments?post=327"}],"version-history":[{"count":0,"href":"https:\/\/ultimato.com.br\/sites\/timcarriker\/wp-json\/wp\/v2\/posts\/327\/revisions"}],"wp:attachment":[{"href":"https:\/\/ultimato.com.br\/sites\/timcarriker\/wp-json\/wp\/v2\/media?parent=327"}],"wp:term":[{"taxonomy":"category","embeddable":true,"href":"https:\/\/ultimato.com.br\/sites\/timcarriker\/wp-json\/wp\/v2\/categories?post=327"},{"taxonomy":"post_tag","embeddable":true,"href":"https:\/\/ultimato.com.br\/sites\/timcarriker\/wp-json\/wp\/v2\/tags?post=327"}],"curies":[{"name":"wp","href":"https:\/\/api.w.org\/{rel}","templated":true}]}}