{"id":326,"date":"2010-05-27T21:50:21","date_gmt":"2010-05-27T23:50:21","guid":{"rendered":"http:\/\/eco-devocional.com\/?p=191"},"modified":"2010-05-27T21:50:21","modified_gmt":"2010-05-27T23:50:21","slug":"semana-21romanos-6-1618","status":"publish","type":"post","link":"https:\/\/ultimato.com.br\/sites\/timcarriker\/2010\/05\/27\/semana-21romanos-6-1618\/","title":{"rendered":"Semana 21: Romanos  6.16,18"},"content":{"rendered":"<p style=\"padding-left: 30px\"><em>N\u00e3o  sabem que, se voc\u00eas se dedicarem de corpo e alma a algu\u00e9m, ou a algum  princ\u00edpio, para obedecer-lhe, estar\u00e3o comprometidos com ele como  escravos, quer seja este principio uma vida longe de Deus que s\u00f3 leva  para a morte, quer seja uma vida de compromisso que leva para a justi\u00e7a?  &#8230;. mas tendo sido libertos deste afastamento de Deus, se tornaram  escravos comprometidos em prol da justi\u00e7a. <\/em>(tradu\u00e7\u00e3o minha)<\/p>\n<p><strong>Reflex\u00e3o<\/strong><\/p>\n<p>Chato! Com 57 anos n\u00e3o tem  jeito. Sou obrigado a tomar meus remediozinhos de artrite. N\u00e3o tenho  escolha. E n\u00e3o adianta chorar, afinal, existe algu\u00e9m que n\u00e3o envelhece?  Nisto, e em muitas outras coisas, n\u00e3o sou dono do meu pr\u00f3prio nariz.  Preciso obedecer. Se n\u00e3o, as consequ\u00eancias certamente vir\u00e3o.<\/p>\n<p>Talvez o maior de todos os  enganos, e a raiz daquilo que chamamos de \u201cpecado\u201d, \u00e9 este desejo pela  independ\u00eancia, o querer fazer o que EU bem quero. Mas, quanto ao corpo, a  biologia n\u00e3o mente, somos escravos da segunda lei da termodin\u00e2mica, a  lei da entropia. Envelhecemos. E quanto ao esp\u00edrito, Paulo fala o que a  B\u00edblia inteira nos diz: n\u00e3o existe nenhum dom\u00ednio de independ\u00eancia onde  se pode dizer: \u201cN\u00e3o sou de nenhuma religi\u00e3o e de nenhum \u2018deus\u2019\u201d. Quer  dizer, pode dizer, e muitos at\u00e9 dizem. Apenas \u00e9 uma \u201cescolha\u201d ilus\u00f3ria.<\/p>\n<p>Mas pensemos&#8230;\u00e9 t\u00e3o ruim assim  ser \u201cescravo\u201d de Deus, comprometido com a justi\u00e7a? D\u00ea uma pausa e pense  bem. Existe coisa melhor que ficar lado a lado com Deus e lutar em prol  da justi\u00e7a e assim realizar o nosso pleno potencial, a raz\u00e3o da nossa  exist\u00eancia? Como faz\u00ea-lo? Bem, a resposta \u00e9 t\u00e3o f\u00e1cil quanto a descri\u00e7\u00e3o  de Paulo, mesmo que precisemos ser lembrados mil e uma vezes por dia:\u00a0<em>ficar  do lado certo<\/em>. Ficar do lado certo. Literalmente ficar do lado  mesmo das coisas certas, isto \u00e9, \u201cse envolver nelas\u201d. E o contr\u00e1rio?  Quando a oportunidade se apresenta de se afastar de Deus, se mexa! N\u00e3o  fique deste lado.<\/p>\n<p>Parece o b\u00ea-a-b\u00e1 da vida com Deus,  n\u00e3o \u00e9? \u00c9, mas somente assim estaremos do lado certo para lutar pelas  coisas certas&#8230;em uma palavra: a justi\u00e7a. A justi\u00e7a pessoal, a justi\u00e7a  social, e a justi\u00e7a ambiental&#8230;nem sempre nesta ordem.<\/p>\n<p><strong>Ora\u00e7\u00e3o<\/strong><\/p>\n<p style=\"padding-left: 30px\"><em>Amado Deus, queremos  ficar do Seu lado. Por isso Te rogamos, \u2018livra-nos do mal\u2019e \u2018seja feita a  Tua vontade, assim na nossa terra como no c\u00e9u\u2019. Muito obrigado pela voz  do Teu Esp\u00edrito e pelo exemplo de Jesus que nos despertam quando a  morte nos cerca. Escolhemos a justi\u00e7a, n\u00e3o a morte. Ficamos do Teu lado,  em nome de Jesus. Am\u00e9m.<\/em><\/p>\n","protected":false},"excerpt":{"rendered":"<p>N\u00e3o sabem que, se voc\u00eas se dedicarem de corpo e alma a algu\u00e9m, ou a algum princ\u00edpio, para obedecer-lhe, estar\u00e3o comprometidos com ele como escravos, quer seja este principio uma vida longe de Deus que s\u00f3 leva para a morte, quer seja uma vida de compromisso que leva para a justi\u00e7a? &#8230;. mas tendo sido [&hellip;]<\/p>\n","protected":false},"author":25,"featured_media":0,"comment_status":"open","ping_status":"open","sticky":false,"template":"","format":"standard","meta":{"ngg_post_thumbnail":0,"footnotes":""},"categories":[5447,12415],"tags":[],"class_list":["post-326","post","type-post","status-publish","format-standard","hentry","category-devocional","category-romanos"],"_links":{"self":[{"href":"https:\/\/ultimato.com.br\/sites\/timcarriker\/wp-json\/wp\/v2\/posts\/326","targetHints":{"allow":["GET"]}}],"collection":[{"href":"https:\/\/ultimato.com.br\/sites\/timcarriker\/wp-json\/wp\/v2\/posts"}],"about":[{"href":"https:\/\/ultimato.com.br\/sites\/timcarriker\/wp-json\/wp\/v2\/types\/post"}],"author":[{"embeddable":true,"href":"https:\/\/ultimato.com.br\/sites\/timcarriker\/wp-json\/wp\/v2\/users\/25"}],"replies":[{"embeddable":true,"href":"https:\/\/ultimato.com.br\/sites\/timcarriker\/wp-json\/wp\/v2\/comments?post=326"}],"version-history":[{"count":0,"href":"https:\/\/ultimato.com.br\/sites\/timcarriker\/wp-json\/wp\/v2\/posts\/326\/revisions"}],"wp:attachment":[{"href":"https:\/\/ultimato.com.br\/sites\/timcarriker\/wp-json\/wp\/v2\/media?parent=326"}],"wp:term":[{"taxonomy":"category","embeddable":true,"href":"https:\/\/ultimato.com.br\/sites\/timcarriker\/wp-json\/wp\/v2\/categories?post=326"},{"taxonomy":"post_tag","embeddable":true,"href":"https:\/\/ultimato.com.br\/sites\/timcarriker\/wp-json\/wp\/v2\/tags?post=326"}],"curies":[{"name":"wp","href":"https:\/\/api.w.org\/{rel}","templated":true}]}}