{"id":324,"date":"2010-05-10T08:45:39","date_gmt":"2010-05-10T10:45:39","guid":{"rendered":"http:\/\/eco-devocional.com\/?p=183"},"modified":"2010-05-10T08:45:39","modified_gmt":"2010-05-10T10:45:39","slug":"semana-19romanos-5-12-15","status":"publish","type":"post","link":"https:\/\/ultimato.com.br\/sites\/timcarriker\/2010\/05\/10\/semana-19romanos-5-12-15\/","title":{"rendered":"Semana 19: Romanos  5.12\u2026.15"},"content":{"rendered":"<p style=\"padding-left: 30px\">(v.12)<em> Portanto, do mesmo jeito que um ser humano (=Ad\u00e3o) <span style=\"text-decoration: underline\">estabeleceu uma enorme falha<\/span> no eco-sistema (literalmente: cosmos) que levou \u00e0 morte, e esta morte atingiu todos os seres humanos que continuaram a falhar&#8230;. <\/em>(v.15) <em>porque se muitos morreram pela falha de um, quanto mais a gra\u00e7a de Deus <span style=\"text-decoration: underline\">transbordou<\/span> para muitos pelo \u00fanico ser humano Jesus Cristo. <\/em>(tradu\u00e7\u00e3o minha)<\/p>\n<p><strong>Reflex\u00e3o<\/strong><\/p>\n<p>Quando se l\u00ea Romanos 5.15 quase sempre vai se pensar na gra\u00e7a superabundante de Cristo para todos n\u00f3s <em>seres humanos<\/em>. S\u00f3 que a nossa salva\u00e7\u00e3o \u00e9 apenas <em>parte<\/em> da \u201cobra de conserto\u201d de Deus. Ele quer redimir a <em>cria\u00e7\u00e3o toda<\/em>. E isso s\u00f3 se torna evidente na passagem acima, quando notamos que o vers\u00edculo 15 completa a compara\u00e7\u00e3o que se iniciou no vers\u00edculo 12, uma passagem que fala sobre o estrago do \u201ceco-sistema\u201d todo (no original, <em>cosmos<\/em>). Ou seja, a gra\u00e7a de Deus manifestada pelo sacrif\u00edcio de Cristo superenriquece n\u00e3o apenas <em>n\u00f3s humanos<\/em> mas \u00e9 uma resposta para o problema todo, um sistema socio-ecol\u00f3gico.<\/p>\n<p>A \u201cenorme falha\u201d tradicionalmente \u00e9 traduzida como \u201cpecado\u201d. A id\u00e9ia \u00e9 de \u201cerrar o alvo\u201d e a gente normalmente entende isso em termos morais e pessoais. S\u00f3 que este \u00faltimo talvez n\u00e3o seja a melhor maneira de imaginar o <em>cosmos<\/em> sendo atingido pelo pecado. Errar o alvo, neste sentido, teria a ver com o ser humanos n\u00e3o cumprir o seu mandato de cuidar da cria\u00e7\u00e3o. Ent\u00e3o, onde est\u00e1 a li\u00e7\u00e3o? Simplesmente aqui&#8230;<\/p>\n<p>A gra\u00e7a de Deus <em>j\u00e1<\/em> \u201ctransbordou\u201d no cosmos, no eco-sistema, inclusive entre n\u00f3s, isto \u00e9, superenriqueceu o universo. N\u00e3o parece? \u00c9, de fato, \u00e0s vezes n\u00e3o parece, mas foi. Por isso, podemos confiar que as boas novas para pessoas s\u00e3o boas novas tamb\u00e9m para a cria\u00e7\u00e3o toda. E a tarefa restabelecida de sermos bons mordomos ser\u00e1, de fato, bem-sucedida. Acreditas? Haver\u00e1 mesmo novo c\u00e9u e nova terra e isso por meio de gra\u00e7a? E o nosso papel enquanto isso? Evangelizemos. Ecologizemos. Ajamos com sal e luz para as pessoas e para o cosmos.<\/p>\n<p><strong>Ora\u00e7\u00e3o<\/strong><\/p>\n<p style=\"padding-left: 30px\"><em>Amado Pai. Ajude-nos a cumprir o nosso papel e a n\u00e3o diminui-lo a algo menor do que o que o Senhor estabeleceu. Em nome de Jesus. Am\u00e9m.<\/em><\/p>\n","protected":false},"excerpt":{"rendered":"<p>(v.12) Portanto, do mesmo jeito que um ser humano (=Ad\u00e3o) estabeleceu uma enorme falha no eco-sistema (literalmente: cosmos) que levou \u00e0 morte, e esta morte atingiu todos os seres humanos que continuaram a falhar&#8230;. (v.15) porque se muitos morreram pela falha de um, quanto mais a gra\u00e7a de Deus transbordou para muitos pelo \u00fanico ser [&hellip;]<\/p>\n","protected":false},"author":25,"featured_media":0,"comment_status":"open","ping_status":"open","sticky":false,"template":"","format":"standard","meta":{"ngg_post_thumbnail":0,"footnotes":""},"categories":[5447,12415],"tags":[],"class_list":["post-324","post","type-post","status-publish","format-standard","hentry","category-devocional","category-romanos"],"_links":{"self":[{"href":"https:\/\/ultimato.com.br\/sites\/timcarriker\/wp-json\/wp\/v2\/posts\/324","targetHints":{"allow":["GET"]}}],"collection":[{"href":"https:\/\/ultimato.com.br\/sites\/timcarriker\/wp-json\/wp\/v2\/posts"}],"about":[{"href":"https:\/\/ultimato.com.br\/sites\/timcarriker\/wp-json\/wp\/v2\/types\/post"}],"author":[{"embeddable":true,"href":"https:\/\/ultimato.com.br\/sites\/timcarriker\/wp-json\/wp\/v2\/users\/25"}],"replies":[{"embeddable":true,"href":"https:\/\/ultimato.com.br\/sites\/timcarriker\/wp-json\/wp\/v2\/comments?post=324"}],"version-history":[{"count":0,"href":"https:\/\/ultimato.com.br\/sites\/timcarriker\/wp-json\/wp\/v2\/posts\/324\/revisions"}],"wp:attachment":[{"href":"https:\/\/ultimato.com.br\/sites\/timcarriker\/wp-json\/wp\/v2\/media?parent=324"}],"wp:term":[{"taxonomy":"category","embeddable":true,"href":"https:\/\/ultimato.com.br\/sites\/timcarriker\/wp-json\/wp\/v2\/categories?post=324"},{"taxonomy":"post_tag","embeddable":true,"href":"https:\/\/ultimato.com.br\/sites\/timcarriker\/wp-json\/wp\/v2\/tags?post=324"}],"curies":[{"name":"wp","href":"https:\/\/api.w.org\/{rel}","templated":true}]}}