{"id":323,"date":"2010-05-08T11:20:44","date_gmt":"2010-05-08T13:20:44","guid":{"rendered":"http:\/\/eco-devocional.com\/?p=180"},"modified":"2010-05-08T11:20:44","modified_gmt":"2010-05-08T13:20:44","slug":"semana-18-romanos-5-2","status":"publish","type":"post","link":"https:\/\/ultimato.com.br\/sites\/timcarriker\/2010\/05\/08\/semana-18-romanos-5-2\/","title":{"rendered":"Semana 18: Romanos  5.2"},"content":{"rendered":"<p style=\"padding-left: 30px\"><em>Foi Cristo quem nos deu, por meio da nossa f\u00e9, esta <span style=\"text-decoration: underline\">vida na gra\u00e7a de Deus<\/span>. E agora continuamos <span style=\"text-decoration: underline\">firmes nessa gra\u00e7a<\/span> e nos alegramos na esperan\u00e7a de<span style=\"text-decoration: underline\"> participar da gl\u00f3ria de Deus<\/span>. <\/em>(NTLH)<\/p>\n<p><strong>Reflex\u00e3o<\/strong><\/p>\n<div id=\"attachment_188\" style=\"width: 310px\" class=\"wp-caption alignright\"><a href=\"http:\/\/eco-devocional.com\/wp-content\/uploads\/2010\/05\/2010-05-Pergolado-Michael-Jenny-1.jpg\"><img loading=\"lazy\" decoding=\"async\" aria-describedby=\"caption-attachment-188\" class=\"size-medium wp-image-188\" src=\"http:\/\/eco-devocional.com\/wp-content\/uploads\/2010\/05\/2010-05-Pergolado-Michael-Jenny-1-300x225.jpg\" alt=\"\" width=\"300\" height=\"225\" \/><\/a><p id=\"caption-attachment-188\" class=\"wp-caption-text\">Pergolado com Michael &amp; Jenny<\/p><\/div>\n<p>H\u00e1 quase um m\u00eas, casei a minha filha em Florian\u00f3polis. Casal lindo e feliz, com o mundo inteiro de possibilidades \u00e0 sua frente. Casaram-se debaixo dum pergolado que construi para a ocasi\u00e3o. Depois do casamento, desmontamos o pergolado e montamos novamente na frente da casinha onde eles moram. E ainda acrescentei, com muito orgulho, dois banquinhos de cada lado para sentar e namorar. Sempre que entram na casa, passam por baixo deste pergolado. Fiz com muito amor e carinho. No momento, este pergolado \u00e9 a minha \u201cgl\u00f3ria\u201d! Agora entendeu onde estou indo?<\/p>\n<p>Qual \u00e9 a gl\u00f3ria de Deus na qual temos a esperan\u00e7a, em Cristo, de participar? N\u00e3o \u00e9 para Deus como \u00e9 para mim, a sua bel\u00edssima cria\u00e7\u00e3o? Duvida desta interpreta\u00e7\u00e3o? Ent\u00e3o, leia novamente Romanos 8 e me diga o que acha&#8230;<\/p>\n<p>A \u201cvida na gra\u00e7a de Deus\u201d de Romanos 5.2 inclui muitas coisas&#8230;certamente os nossos relacionamentos uns com os outros&#8230;nossas fam\u00edlias, filhos, parentes, amigos, vizinhos&#8230; Tamb\u00e9m, e acima de tudo, nos deu o relacionamento com Deus&#8230;paz com Deus. Em tudo isso somos exortados a permanecermos firmes. Mas h\u00e1 mais. Um dia, come\u00e7ando no hoje b\u00edblico, inaugurado por Cristo (Hb 1.1), teremos a alegria de participar na cria\u00e7\u00e3o de Deus, infinitamente mais ampla e linda que o meu pergolado. E a perspectiva b\u00edblica \u00e9 que a nossa participa\u00e7\u00e3o na cria\u00e7\u00e3o n\u00e3o \u00e9 passiva e alheia. \u00c9 ativa como um jardineiro, transformadora e at\u00e9 mesmo redentora. Cuidemos dos \u201cnossos\u201d jardins, parte do grande jardim de Deus e assim participemos da sua gl\u00f3ria. Jardins, atualmente abrigam bem ou mal os seus habitantes, mas precisam de reden\u00e7\u00e3o. Neste cuidado, j\u00e1 participamos nesta \u201cgl\u00f3ria\u201d&#8230; \u00e0s vezes feita ingloriosa. Um dia participaremos mais. O que faremos com ela at\u00e9 l\u00e1?<\/p>\n<p><strong>Ora\u00e7\u00e3o<\/strong><\/p>\n<p style=\"padding-left: 30px\"><em>Gra\u00e7as te damos, magnifico Pai, pela gra\u00e7a e viver na Tua gra\u00e7a e participar na sua gl\u00f3ria. Am\u00e9m.<\/em><\/p>\n","protected":false},"excerpt":{"rendered":"<p>Foi Cristo quem nos deu, por meio da nossa f\u00e9, esta vida na gra\u00e7a de Deus. E agora continuamos firmes nessa gra\u00e7a e nos alegramos na esperan\u00e7a de participar da gl\u00f3ria de Deus. (NTLH) Reflex\u00e3o H\u00e1 quase um m\u00eas, casei a minha filha em Florian\u00f3polis. Casal lindo e feliz, com o mundo inteiro de possibilidades [&hellip;]<\/p>\n","protected":false},"author":25,"featured_media":0,"comment_status":"open","ping_status":"open","sticky":false,"template":"","format":"standard","meta":{"ngg_post_thumbnail":0,"footnotes":""},"categories":[5447,12415],"tags":[],"class_list":["post-323","post","type-post","status-publish","format-standard","hentry","category-devocional","category-romanos"],"_links":{"self":[{"href":"https:\/\/ultimato.com.br\/sites\/timcarriker\/wp-json\/wp\/v2\/posts\/323","targetHints":{"allow":["GET"]}}],"collection":[{"href":"https:\/\/ultimato.com.br\/sites\/timcarriker\/wp-json\/wp\/v2\/posts"}],"about":[{"href":"https:\/\/ultimato.com.br\/sites\/timcarriker\/wp-json\/wp\/v2\/types\/post"}],"author":[{"embeddable":true,"href":"https:\/\/ultimato.com.br\/sites\/timcarriker\/wp-json\/wp\/v2\/users\/25"}],"replies":[{"embeddable":true,"href":"https:\/\/ultimato.com.br\/sites\/timcarriker\/wp-json\/wp\/v2\/comments?post=323"}],"version-history":[{"count":0,"href":"https:\/\/ultimato.com.br\/sites\/timcarriker\/wp-json\/wp\/v2\/posts\/323\/revisions"}],"wp:attachment":[{"href":"https:\/\/ultimato.com.br\/sites\/timcarriker\/wp-json\/wp\/v2\/media?parent=323"}],"wp:term":[{"taxonomy":"category","embeddable":true,"href":"https:\/\/ultimato.com.br\/sites\/timcarriker\/wp-json\/wp\/v2\/categories?post=323"},{"taxonomy":"post_tag","embeddable":true,"href":"https:\/\/ultimato.com.br\/sites\/timcarriker\/wp-json\/wp\/v2\/tags?post=323"}],"curies":[{"name":"wp","href":"https:\/\/api.w.org\/{rel}","templated":true}]}}