{"id":298,"date":"2010-12-13T15:31:29","date_gmt":"2010-12-13T17:31:29","guid":{"rendered":"http:\/\/eco-devocional.com\/?p=298"},"modified":"2010-12-13T15:31:29","modified_gmt":"2010-12-13T17:31:29","slug":"semana-50-romanos-15-22-26","status":"publish","type":"post","link":"https:\/\/ultimato.com.br\/sites\/timcarriker\/2010\/12\/13\/semana-50-romanos-15-22-26\/","title":{"rendered":"Semana 50: Romanos 15.22-26"},"content":{"rendered":"<p style=\"padding-left: 30px\"><em>Essa foi a raz\u00e3o por que tamb\u00e9m, muitas vezes, me senti impedido de <span style=\"text-decoration: underline\">visitar-vos<\/span>. Mas, agora, n\u00e3o tendo j\u00e1 campo de atividade nestas regi\u00f5es e desejando h\u00e1 muito visitar-vos, penso em faz\u00ea-lo quando em viagem para a <span style=\"text-decoration: underline\">Espanha<\/span>, pois espero que, de passagem, estarei convosco e que para l\u00e1 seja por v\u00f3s encaminhado, depois de haver primeiro desfrutado um pouco a vossa companhia. Mas, agora, estou de partida para <span style=\"text-decoration: underline\">Jerusal\u00e9m<\/span>, a servi\u00e7o dos santos. Porque aprouve \u00e0 <span style=\"text-decoration: underline\">Maced\u00f4nia<\/span> e \u00e0 <span style=\"text-decoration: underline\">Acaia<\/span> levantar uma coleta em benef\u00edcio dos pobres dentre os santos que vivem em Jerusal\u00e9m<\/em>. (Revista e Atualizada)<strong><\/strong><\/p>\n<p><strong>Reflex\u00e3o<\/strong><\/p>\n<p>Mas que confus\u00e3o! Deu para acompanhar esta passagem? A Roma, a Espanha, Jerusal\u00e9m, e ainda Maced\u00f4nia e Acaia (antiga Gr\u00e9cia central). O minist\u00e9rio de Paulo o levava para todos estes lugares, e e aqui, em poucos vers\u00edculos! Paulo quer visitar os romanos e pretende faz\u00ea-lo a caminho para a Espanha. Mas antes disto, precisa entregar as ofertas que juntou durante o seu minist\u00e9rio na antiga Gr\u00e9cia central (Filipos, Tessal\u00f4nica e Corinto).<\/p>\n<p>A vida, e o minist\u00e9rio, \u00e0s vezes podem ser muito complexos. Em pouco tempo estamos com um bocado de atividades das mais diversas que dividem a nossa aten\u00e7\u00e3o e nos leva em dire\u00e7\u00f5es diferentes. \u00c9 o seu caso tamb\u00e9m? N\u00e3o se preocupe. Procure apenas seguir a dire\u00e7\u00e3o do Esp\u00edrito de Deus e fazer cada tarefa na ordem certo. Fazendo assim, tudo d\u00e1 certo. Se desesperarmo-nos&#8230;bem, neste caso, n\u00e3o posso prometer nada.<\/p>\n<p>A vida crist\u00e3 e os minist\u00e9rios que ela traz s\u00e3o fant\u00e1sticos. Louvamos a Deus pelas oportunidades que ele nos apresenta. Confia e <em>descanse<\/em> nele.<\/p>\n<p><strong>Ora\u00e7\u00e3o<\/strong><\/p>\n<p style=\"padding-left: 30px\"><em>Amado Deus. Gra\u00e7as te damos pelos compromissos que nos trazes e pelo nosso papel na promo\u00e7\u00e3o do teu reino. Concedas-nos sabedoria e f\u00e9 para confiarmos em ti para as for\u00e7as para lev\u00e1-los adiante. Em nome de Jesus. Am\u00e9m.<\/em><\/p>\n","protected":false},"excerpt":{"rendered":"<p>Essa foi a raz\u00e3o por que tamb\u00e9m, muitas vezes, me senti impedido de visitar-vos. Mas, agora, n\u00e3o tendo j\u00e1 campo de atividade nestas regi\u00f5es e desejando h\u00e1 muito visitar-vos, penso em faz\u00ea-lo quando em viagem para a Espanha, pois espero que, de passagem, estarei convosco e que para l\u00e1 seja por v\u00f3s encaminhado, depois de [&hellip;]<\/p>\n","protected":false},"author":25,"featured_media":0,"comment_status":"open","ping_status":"open","sticky":false,"template":"","format":"standard","meta":{"ngg_post_thumbnail":0,"footnotes":""},"categories":[5447,12415],"tags":[],"class_list":["post-298","post","type-post","status-publish","format-standard","hentry","category-devocional","category-romanos"],"_links":{"self":[{"href":"https:\/\/ultimato.com.br\/sites\/timcarriker\/wp-json\/wp\/v2\/posts\/298","targetHints":{"allow":["GET"]}}],"collection":[{"href":"https:\/\/ultimato.com.br\/sites\/timcarriker\/wp-json\/wp\/v2\/posts"}],"about":[{"href":"https:\/\/ultimato.com.br\/sites\/timcarriker\/wp-json\/wp\/v2\/types\/post"}],"author":[{"embeddable":true,"href":"https:\/\/ultimato.com.br\/sites\/timcarriker\/wp-json\/wp\/v2\/users\/25"}],"replies":[{"embeddable":true,"href":"https:\/\/ultimato.com.br\/sites\/timcarriker\/wp-json\/wp\/v2\/comments?post=298"}],"version-history":[{"count":0,"href":"https:\/\/ultimato.com.br\/sites\/timcarriker\/wp-json\/wp\/v2\/posts\/298\/revisions"}],"wp:attachment":[{"href":"https:\/\/ultimato.com.br\/sites\/timcarriker\/wp-json\/wp\/v2\/media?parent=298"}],"wp:term":[{"taxonomy":"category","embeddable":true,"href":"https:\/\/ultimato.com.br\/sites\/timcarriker\/wp-json\/wp\/v2\/categories?post=298"},{"taxonomy":"post_tag","embeddable":true,"href":"https:\/\/ultimato.com.br\/sites\/timcarriker\/wp-json\/wp\/v2\/tags?post=298"}],"curies":[{"name":"wp","href":"https:\/\/api.w.org\/{rel}","templated":true}]}}