{"id":295,"date":"2010-12-08T19:12:15","date_gmt":"2010-12-08T21:12:15","guid":{"rendered":"http:\/\/eco-devocional.com\/?p=295"},"modified":"2010-12-08T19:12:15","modified_gmt":"2010-12-08T21:12:15","slug":"semana-49-romanos-15-17-19","status":"publish","type":"post","link":"https:\/\/ultimato.com.br\/sites\/timcarriker\/2010\/12\/08\/semana-49-romanos-15-17-19\/","title":{"rendered":"Semana 49: Romanos  15.17-19"},"content":{"rendered":"<p style=\"padding-left: 30px\">Tenho, pois, motivo de gloriar-me em Cristo Jesus nas coisas concernentes a Deus. Porque n\u00e3o ousarei discorrer sobre coisa alguma, sen\u00e3o sobre aquelas que Cristo fez por meu interm\u00e9dio, para conduzir os gentios \u00e0 obedi\u00eancia, por palavra e por obras, por for\u00e7a de sinais e prod\u00edgios, pelo poder do Esp\u00edrito Santo; de maneira que, desde Jerusal\u00e9m e circunvizinhan\u00e7as at\u00e9 ao Il\u00edrico, tenho divulgado o evangelho de Cristo&#8230; (Revista e Atualizada)<strong> <\/strong><\/p>\n<p><strong>Reflex\u00e3o<\/strong><\/p>\n<p>J\u00e1 come\u00e7ando a concluir esta grande carta, Paulo consegue olhar para tr\u00e1s, avaliar uma boa carreira de ap\u00f3stolo que inclu\u00eda as viagens mission\u00e1rias mencionadas em Atos (e ainda continuar\u00e1 o seu minist\u00e9rio em Creta para a ilha de Creta, e possivelmente de volta para \u00c9feso, a Maced\u00f4nia e novamente para Roma perante o tribunal). Ele estava sempre ocupado com o servi\u00e7o do Senhor e com certa (justa) satisfa\u00e7\u00e3o afirma: \u201ctenho motivo para gloriar-me em Cristo&#8230;\u201d Isto \u00e9, tem boa raz\u00e3o para \u201corgulhar-se\u201d. Na verdade esta \u00e9 a palavra que ele usa, mas que os tradutores preferem traduzir mas \u201cconsagradamente\u201d como \u201cgloriar-se\u201d.<\/p>\n<p>Chegando no final de 2.010, espero que voc\u00ea pode dizer algo semelhante. Sei que a equipe da Rocha viagou e trabalhou um bocado e conseguiu divulgar muito novas boas (evangelho) centralizadas em Jesus. Gra\u00e7as a Deus!<\/p>\n<p>Um detalhe&#8230;n\u00e3o \u00e9 interessante a maneira como Paulo se expressa: \u201cnas coisas <em>concernentes a Deus<\/em>\u201d e \u201cn\u00e3o ousarei discorrer sobre coisa alguma, <em>sen\u00e3o sobre aquelas coisas que Cristo fez por meu interm\u00e9dio<\/em>&#8230;\u201d. Paulo sabia se gabar nas coisas certas, n\u00e3o assumindo para si o elogio e o merecimento.<\/p>\n<p>Orgulhamos sim. Mas orgulhamos naquilo que Deus faz por meio da gente.<\/p>\n<p><strong>Ora\u00e7\u00e3o<\/strong><\/p>\n<p style=\"padding-left: 30px\"><em>Querido Pai, Queremos Te agradecer por usar-nos como seus instrumentos. Queremos agradecer-Te, pois pelo Teu Esp\u00edrito, podemos partilhar maravilhas. Em nome de Jesus. Am\u00e9m.<\/em><\/p>\n","protected":false},"excerpt":{"rendered":"<p>Tenho, pois, motivo de gloriar-me em Cristo Jesus nas coisas concernentes a Deus. Porque n\u00e3o ousarei discorrer sobre coisa alguma, sen\u00e3o sobre aquelas que Cristo fez por meu interm\u00e9dio, para conduzir os gentios \u00e0 obedi\u00eancia, por palavra e por obras, por for\u00e7a de sinais e prod\u00edgios, pelo poder do Esp\u00edrito Santo; de maneira que, desde [&hellip;]<\/p>\n","protected":false},"author":25,"featured_media":0,"comment_status":"open","ping_status":"open","sticky":false,"template":"","format":"standard","meta":{"ngg_post_thumbnail":0,"footnotes":""},"categories":[5447,12415],"tags":[],"class_list":["post-295","post","type-post","status-publish","format-standard","hentry","category-devocional","category-romanos"],"_links":{"self":[{"href":"https:\/\/ultimato.com.br\/sites\/timcarriker\/wp-json\/wp\/v2\/posts\/295","targetHints":{"allow":["GET"]}}],"collection":[{"href":"https:\/\/ultimato.com.br\/sites\/timcarriker\/wp-json\/wp\/v2\/posts"}],"about":[{"href":"https:\/\/ultimato.com.br\/sites\/timcarriker\/wp-json\/wp\/v2\/types\/post"}],"author":[{"embeddable":true,"href":"https:\/\/ultimato.com.br\/sites\/timcarriker\/wp-json\/wp\/v2\/users\/25"}],"replies":[{"embeddable":true,"href":"https:\/\/ultimato.com.br\/sites\/timcarriker\/wp-json\/wp\/v2\/comments?post=295"}],"version-history":[{"count":0,"href":"https:\/\/ultimato.com.br\/sites\/timcarriker\/wp-json\/wp\/v2\/posts\/295\/revisions"}],"wp:attachment":[{"href":"https:\/\/ultimato.com.br\/sites\/timcarriker\/wp-json\/wp\/v2\/media?parent=295"}],"wp:term":[{"taxonomy":"category","embeddable":true,"href":"https:\/\/ultimato.com.br\/sites\/timcarriker\/wp-json\/wp\/v2\/categories?post=295"},{"taxonomy":"post_tag","embeddable":true,"href":"https:\/\/ultimato.com.br\/sites\/timcarriker\/wp-json\/wp\/v2\/tags?post=295"}],"curies":[{"name":"wp","href":"https:\/\/api.w.org\/{rel}","templated":true}]}}