{"id":2119,"date":"2016-11-27T11:35:20","date_gmt":"2016-11-27T13:35:20","guid":{"rendered":"http:\/\/ultimato.com.br\/sites\/timcarriker\/?p=2119"},"modified":"2019-06-17T13:00:29","modified_gmt":"2019-06-17T15:00:29","slug":"o-desenvolvimento-da-nossa-vocacao-parte-4","status":"publish","type":"post","link":"https:\/\/ultimato.com.br\/sites\/timcarriker\/2016\/11\/27\/o-desenvolvimento-da-nossa-vocacao-parte-4\/","title":{"rendered":"O desenvolvimento da nossa voca\u00e7\u00e3o: Parte 4"},"content":{"rendered":"<p>Continuando as nossas&nbsp;<a href=\"https:\/\/ultimato.com.br\/sites\/timcarriker\/tag\/o-desenvolvimento-da-nossa-vocacao\/\" target=\"_blank\" rel=\"noopener noreferrer\">tr\u00eas reflex\u00f5es anteriores<\/a>&#8230;<\/p>\n<p><strong>Fase da salva\u00e7\u00e3o entregue: de vida antes de conhecer Cristo para vida de blasfemo e infiel<\/strong><\/p>\n<p>Nesta quarta fase, Paulo havia esquecido que antes de conhecer Cristo, vivia uma vida boa. Esqueceu ou reavaliou radicalmente. A vida anterior n\u00e3o era mais boa virada lixo. Ela simplesmente deixou de ser boa. Veja como Paulo falava da sua vida anterior a Cristo&#8230;<\/p>\n<p><em>Agrade\u00e7o a Cristo Jesus, o nosso Senhor, que me tem dado for\u00e7as para cumprir a minha miss\u00e3o. Eu lhe agrade\u00e7o porque ele achou que eu era merecedor e porque me escolheu para servi-lo. Ele fez isso apesar <strong>de eu ter dito blasf\u00eamias contra ele no passado e de o ter perseguido e insultado<\/strong>. Mas Deus teve miseric\u00f3rdia de mim, pois <strong>eu n\u00e3o tinha f\u00e9<\/strong> e por isso n\u00e3o sabia o que estava fazendo&#8230;. O ensinamento verdadeiro e que deve ser crido e aceito de todo o cora\u00e7\u00e3o \u00e9 este: Cristo Jesus veio ao mundo para salvar os <strong>pecadores, dos quais eu sou o pior<\/strong>. Mas foi por esse mesmo motivo que Deus teve miseric\u00f3rdia de mim, para que Cristo Jesus pudesse mostrar toda a sua paci\u00eancia comigo. E isso ficar\u00e1 como <strong>exemplo para todos<\/strong> os que, no futuro, v\u00e3o crer nele e receber a vida eterna.<\/em> \u2013 1 Tim\u00f3teo 1.12-13,16 (cerca de 65-66 d.C)<!--more--><\/p>\n<p>Perceberam a diferen\u00e7a? Antes de conhecer Cristo a sua vida n\u00e3o era mais boa mais mal direcionada. N\u00e3o era nem sequer boa mas virada lixo em compara\u00e7\u00e3o com a vida com Cristo. Muito mais que isto, ao inv\u00e9s de pensar na sua vida como fariseu como irrepreens\u00edvel, agora Paulo fala com todas as letras: \u201ceu n\u00e3o tinha f\u00e9&#8230;eu sou o maior dos pecadores\u201d.<\/p>\n<p>Nenhuma das quatro avalia\u00e7\u00f5es da salva\u00e7\u00e3o de Paulo estava equivocada. N\u00e3o \u00e9 isto. Dentro da sua caminhada, cada avalia\u00e7\u00e3o estava correta e at\u00e9 inspirada por Deus. Entretanto, a medida que caminhava com Cristo, a medida que assumia a incumb\u00eancia de testemunho, e a medida que pagava o pre\u00e7o do discipulado e sofria junto com Cristo, o passado, mesmo aquele passado bom, n\u00e3o s\u00f3 diminu\u00eda em tamanho e import\u00e2ncia, n\u00e3o s\u00f3 virava lixo em compara\u00e7\u00e3o com a vida com Cristo, mas s\u00f3 podia ser visto como uma vida sem f\u00e9. E Paulo somente poderia se considerar o pior dos pecadores.<\/p>\n<p>Esta \u00e9 a voca\u00e7\u00e3o para onde precisamos caminhar, onde n\u00f3s diminu\u00edmos tanto em import\u00e2ncia que s\u00f3 nos resta refletir Cristo. Da\u00ed, n\u00e3o importa tanto <em>onde<\/em> iremos ou <em>o qu\u00ea<\/em> faremos, porque em tudo isto as pessoas que se encontram conosco encontrar\u00e3o Cristo.<\/p>\n<p>\u00bb <a href=\"https:\/\/ultimato.com.br\/sites\/timcarriker\/2016\/11\/06\/o-desenvolvimento-da-nossa-vocacao-part-1\/\" target=\"_blank\" rel=\"noopener noreferrer\">Parte 1<\/a><br \/>\n\u00bb <a href=\"http:\/\/ultimato.com.br\/sites\/timcarriker\/2016\/11\/13\/o-desenvolvimento-da-nossa-vocacao-parte-2\/\" target=\"_blank\" rel=\"noopener noreferrer\">Parte 2<\/a><br \/>\n\u00bb <a href=\"http:\/\/ultimato.com.br\/sites\/timcarriker\/2016\/11\/20\/o-desenvolvimento-da-nossa-vocacao-parte-3\/\" target=\"_blank\" rel=\"noopener noreferrer\">Parte 3<\/a><\/p>\n","protected":false},"excerpt":{"rendered":"<p>Continuando as nossas&nbsp;tr\u00eas reflex\u00f5es anteriores&#8230; Fase da salva\u00e7\u00e3o entregue: de vida antes de conhecer Cristo para vida de blasfemo e infiel Nesta quarta fase, Paulo havia esquecido que antes de conhecer Cristo, vivia uma vida boa. Esqueceu ou reavaliou radicalmente. A vida anterior n\u00e3o era mais boa virada lixo. Ela simplesmente deixou de ser boa. [&hellip;]<\/p>\n","protected":false},"author":25,"featured_media":0,"comment_status":"open","ping_status":"open","sticky":false,"template":"","format":"standard","meta":{"ngg_post_thumbnail":0,"footnotes":""},"categories":[116],"tags":[41417],"class_list":["post-2119","post","type-post","status-publish","format-standard","hentry","category-blog","tag-o-desenvolvimento-da-nossa-vocacao"],"_links":{"self":[{"href":"https:\/\/ultimato.com.br\/sites\/timcarriker\/wp-json\/wp\/v2\/posts\/2119","targetHints":{"allow":["GET"]}}],"collection":[{"href":"https:\/\/ultimato.com.br\/sites\/timcarriker\/wp-json\/wp\/v2\/posts"}],"about":[{"href":"https:\/\/ultimato.com.br\/sites\/timcarriker\/wp-json\/wp\/v2\/types\/post"}],"author":[{"embeddable":true,"href":"https:\/\/ultimato.com.br\/sites\/timcarriker\/wp-json\/wp\/v2\/users\/25"}],"replies":[{"embeddable":true,"href":"https:\/\/ultimato.com.br\/sites\/timcarriker\/wp-json\/wp\/v2\/comments?post=2119"}],"version-history":[{"count":7,"href":"https:\/\/ultimato.com.br\/sites\/timcarriker\/wp-json\/wp\/v2\/posts\/2119\/revisions"}],"predecessor-version":[{"id":2261,"href":"https:\/\/ultimato.com.br\/sites\/timcarriker\/wp-json\/wp\/v2\/posts\/2119\/revisions\/2261"}],"wp:attachment":[{"href":"https:\/\/ultimato.com.br\/sites\/timcarriker\/wp-json\/wp\/v2\/media?parent=2119"}],"wp:term":[{"taxonomy":"category","embeddable":true,"href":"https:\/\/ultimato.com.br\/sites\/timcarriker\/wp-json\/wp\/v2\/categories?post=2119"},{"taxonomy":"post_tag","embeddable":true,"href":"https:\/\/ultimato.com.br\/sites\/timcarriker\/wp-json\/wp\/v2\/tags?post=2119"}],"curies":[{"name":"wp","href":"https:\/\/api.w.org\/{rel}","templated":true}]}}