{"id":2117,"date":"2016-11-20T11:33:10","date_gmt":"2016-11-20T13:33:10","guid":{"rendered":"http:\/\/ultimato.com.br\/sites\/timcarriker\/?p=2117"},"modified":"2019-06-17T13:05:45","modified_gmt":"2019-06-17T15:05:45","slug":"o-desenvolvimento-da-nossa-vocacao-parte-3","status":"publish","type":"post","link":"https:\/\/ultimato.com.br\/sites\/timcarriker\/2016\/11\/20\/o-desenvolvimento-da-nossa-vocacao-parte-3\/","title":{"rendered":"O desenvolvimento da nossa voca\u00e7\u00e3o: Parte 3"},"content":{"rendered":"<p>Esta \u00e9 a terceira parte da nossa <a href=\"https:\/\/ultimato.com.br\/sites\/timcarriker\/tag\/o-desenvolvimento-da-nossa-vocacao\/\" target=\"_blank\" rel=\"noopener noreferrer\">s\u00e9rie sobre as fases da voca\u00e7\u00e3o ou &#8220;salva\u00e7\u00e3o&#8221; de Paulo<\/a>&#8230;<\/p>\n<p><strong>Fase da salva\u00e7\u00e3o reconsiderada: de perfeito para o lixo<\/strong><\/p>\n<p>Muitos disc\u00edpulos de Cristo, talvez a maioria, s\u00f3 Deus sabe, passam a vida toda ou na primeira ou na segunda fase da sua salva\u00e7\u00e3o. E n\u00e3o digo isto a t\u00edtulo de cr\u00edtica. Apenas, muitos n\u00e3o imaginam que h\u00e1 algo mais. Mas h\u00e1, e Paulo descobriu isto quando ele reconheceu que toda aquela bondade, piedade, fidelidade e heran\u00e7a na f\u00e9, diante da sua caminhada dia-a-dia com Jesus, a vida cheia do Esp\u00edrito, n\u00e3o passava de lixo. Em algum momento entre a hora que escreveu a Carta aos G\u00e1latas e as suas Cartas aos Cor\u00edntios 5 a 7 anos depois, e a Carta aos Filipenses uns 10-12 anos depois de ter escrito a Carta aos G\u00e1latas, Paulo reconheceu o seu devido tamanho diante de Deus e reconheceu que tudo que ele realizava antes era nada diante daquilo que Deus havia feito na sua vida. Vamos ler os textos&#8230;<!--more--><\/p>\n<p><em>De fato, <strong>eu sou o menos importante dos ap\u00f3stolos<\/strong> e at\u00e9 <strong>nem mere\u00e7o ser chamado de ap\u00f3stolo<\/strong>, pois persegui a Igreja de Deus<\/em>. \u2013 1 Cor\u00edntios 15.9 (cerca de 53-55 d.C)<\/p>\n<p><em>No passado, todas essas coisas valiam muito para mim; mas agora, por causa de Cristo, considero que n\u00e3o t\u00eam nenhum valor. E n\u00e3o somente essas coisas, mas <strong>considero tudo uma completa perda<\/strong>, comparado com aquilo que tem muito mais valor, isto \u00e9, conhecer completamente Cristo Jesus, o meu Senhor. Eu joguei tudo fora como se fosse lixo, a fim de poder ganhar a Cristo e estar unido com ele.<\/em> \u2013 Filipenses 3.7-9a (cerca de 60 d.C)<\/p>\n<p><em>O meu grande desejo e a minha esperan\u00e7a s\u00e3o de nunca falhar no meu dever, para que, sempre e agora ainda mais, eu tenha muita coragem. E assim, em tudo o que eu disser e fizer, tanto na vida como na morte, eu poderei levar outros a reconhecerem a grandeza de Cristo. <strong>Pois para mim viver \u00e9 Cristo, e morrer \u00e9 lucro<\/strong>.<\/em> \u2013 Filipenses 1.20-21<\/p>\n<p>Perceberam a diferen\u00e7a? Na primeira fase da sua salva\u00e7\u00e3o, Paulo estava pasmado. Na segunda, ele reconheceu que teve boa forma\u00e7\u00e3o e que era sujeito bom diante de Deus, mas que estava no caminho errado e Deus o havia colocado no caminho certo. Fora escolhido. Agora, nesta terceira fase da sua salva\u00e7\u00e3o, 20 a 23 anos depois da sua convers\u00e3o, Paulo entendeu que aquela vida anterior a Cristo que era antes considerava boa, mesmo que mal direcionada, comparado com o ganho de andar com Cristo todos aqueles anos era perda. Diante de 20 a 23 anos de caminhada com Cristo, 17.000 quil\u00f4metros de viagens mission\u00e1rias \u00e0 p\u00e9, a cavalo e via mar\u00edtima, e com mais 7.000 por fazer antes da sua morte, diante das vit\u00f3rias e dos sofrimentos, aqueles aninhos como fariseu dos fariseus diminu\u00edram tanto que viram literalmente lixo. Ser\u00e1 que um dia, voc\u00ea e eu podemos entender as nossas vidas desta forma. Ser\u00e1 que a nossa caminhada com Cristo poder\u00e1 ser t\u00e3o \u00edntima e t\u00e3o produtiva que poderemos considerar a nossa vida anterior, em compara\u00e7\u00e3o, como lixo? \u00c9 um alvo e tanto para cada um de n\u00f3s, n\u00e3o \u00e9. S\u00f3 que, por incr\u00edvel que pare\u00e7a, isto ainda n\u00e3o era suficiente para Paulo. Eventualmente, uns 5 anos depois, a percep\u00e7\u00e3o da sua vida anterior como boa em si, mas lixo em compara\u00e7\u00e3o com a caminhada na f\u00e9, esta percep\u00e7\u00e3o mudar nova e sutilmente e assim Paulo passou para uma extraordin\u00e1ria quarta fase da sua salva\u00e7\u00e3o.<\/p>\n<p>\u00bb <a href=\"https:\/\/ultimato.com.br\/sites\/timcarriker\/2016\/11\/06\/o-desenvolvimento-da-nossa-vocacao-part-1\/\" target=\"_blank\" rel=\"noopener noreferrer\">Parte 1<\/a><br \/>\n\u00bb <a href=\"http:\/\/ultimato.com.br\/sites\/timcarriker\/2016\/11\/13\/o-desenvolvimento-da-nossa-vocacao-parte-2\/\" target=\"_blank\" rel=\"noopener noreferrer\">Parte 2<\/a><br \/>\n\u00bb <a href=\"http:\/\/ultimato.com.br\/sites\/timcarriker\/2016\/11\/27\/o-desenvolvimento-da-nossa-vocacao-parte-4\/\" target=\"_blank\" rel=\"noopener noreferrer\">Parte 4<\/a><\/p>\n","protected":false},"excerpt":{"rendered":"<p>Esta \u00e9 a terceira parte da nossa s\u00e9rie sobre as fases da voca\u00e7\u00e3o ou &#8220;salva\u00e7\u00e3o&#8221; de Paulo&#8230; Fase da salva\u00e7\u00e3o reconsiderada: de perfeito para o lixo Muitos disc\u00edpulos de Cristo, talvez a maioria, s\u00f3 Deus sabe, passam a vida toda ou na primeira ou na segunda fase da sua salva\u00e7\u00e3o. E n\u00e3o digo isto a [&hellip;]<\/p>\n","protected":false},"author":25,"featured_media":0,"comment_status":"open","ping_status":"open","sticky":false,"template":"","format":"standard","meta":{"ngg_post_thumbnail":0,"footnotes":""},"categories":[116],"tags":[41417],"class_list":["post-2117","post","type-post","status-publish","format-standard","hentry","category-blog","tag-o-desenvolvimento-da-nossa-vocacao"],"_links":{"self":[{"href":"https:\/\/ultimato.com.br\/sites\/timcarriker\/wp-json\/wp\/v2\/posts\/2117","targetHints":{"allow":["GET"]}}],"collection":[{"href":"https:\/\/ultimato.com.br\/sites\/timcarriker\/wp-json\/wp\/v2\/posts"}],"about":[{"href":"https:\/\/ultimato.com.br\/sites\/timcarriker\/wp-json\/wp\/v2\/types\/post"}],"author":[{"embeddable":true,"href":"https:\/\/ultimato.com.br\/sites\/timcarriker\/wp-json\/wp\/v2\/users\/25"}],"replies":[{"embeddable":true,"href":"https:\/\/ultimato.com.br\/sites\/timcarriker\/wp-json\/wp\/v2\/comments?post=2117"}],"version-history":[{"count":5,"href":"https:\/\/ultimato.com.br\/sites\/timcarriker\/wp-json\/wp\/v2\/posts\/2117\/revisions"}],"predecessor-version":[{"id":2255,"href":"https:\/\/ultimato.com.br\/sites\/timcarriker\/wp-json\/wp\/v2\/posts\/2117\/revisions\/2255"}],"wp:attachment":[{"href":"https:\/\/ultimato.com.br\/sites\/timcarriker\/wp-json\/wp\/v2\/media?parent=2117"}],"wp:term":[{"taxonomy":"category","embeddable":true,"href":"https:\/\/ultimato.com.br\/sites\/timcarriker\/wp-json\/wp\/v2\/categories?post=2117"},{"taxonomy":"post_tag","embeddable":true,"href":"https:\/\/ultimato.com.br\/sites\/timcarriker\/wp-json\/wp\/v2\/tags?post=2117"}],"curies":[{"name":"wp","href":"https:\/\/api.w.org\/{rel}","templated":true}]}}