{"id":211,"date":"2010-07-05T21:46:24","date_gmt":"2010-07-05T23:46:24","guid":{"rendered":"http:\/\/eco-devocional.com\/?p=211"},"modified":"2010-07-05T21:46:24","modified_gmt":"2010-07-05T23:46:24","slug":"semana-27-romanos-8-17","status":"publish","type":"post","link":"https:\/\/ultimato.com.br\/sites\/timcarriker\/2010\/07\/05\/semana-27-romanos-8-17\/","title":{"rendered":"Semana 27: Romanos 8.17"},"content":{"rendered":"<p style=\"padding-left: 30px\"><em>E se somos seus filhos, tamb\u00e9m  somos herdeiros. Isto mesmo! Herdeiros de Deus e herdeiros <span style=\"text-decoration: underline\">junto com<\/span> Cristo!  Isto significa que se sofremos <span style=\"text-decoration: underline\">junto com<\/span> Cristo, pode ter certeza que <span style=\"text-decoration: underline\">junto com<\/span> Cristo tomaremos  parte da sua gl\u00f3ria. <\/em>(minha tradu\u00e7\u00e3o)<\/p>\n<p><strong>Reflex\u00e3o<\/strong><\/p>\n<p>Escrevo para Solange. E escrevo para todos n\u00f3s. Romanos 8.16, o vers\u00edculo da nossa  reflex\u00e3o da semana passada, termina com uma afirma\u00e7\u00e3o: \u201co Esp\u00edrito Santo se une  com o nosso esp\u00edrito para afirmar que somos filhos de Deus\u201d. O vers\u00edculo 17, traduzido acima, estabelece as consequ\u00eancias disto. Consideremos: a  nossa filia\u00e7\u00e3o, a nossa heran\u00e7a e as coisas \u201cboas\u201d e \u201cruins\u201dque isto inclui, \u00e9 intimamente vinculada \u00e0 filia\u00e7\u00e3o e \u00e0 heran\u00e7a de Cristo! Ou seja, se  somos filhos de Deus (a prova \u00e9 que clamamos, \u201cAba, Pai\u201d, v.15), da mesma  maneira que a gl\u00f3ria de Cristo \u00e9 segura, mesmo passando por sofrimento, nossa gl\u00f3ria  tamb\u00e9m \u00e9 segura, mesmo passando por sofrimento!<\/p>\n<p><strong>Duas observa\u00e7\u00f5es quanto a esta afirma\u00e7\u00e3o:<\/strong> Primeiro, no vers\u00edculo 17, na l\u00edngua original, h\u00e1 um substantivo e dois verbos que tem o prefixo \u201cjunto com\u201d,  Em grego, este prefixo \u00e9 <em>sun<\/em>. \u00c0s vezes, traduzimos como \u201cco-\u201c. Somos \u201cco-herdeiros\u201d, n\u00f3s \u201cco-sofremos\u201d com Cristo e n\u00f3s \u201cco-gloriamo-nos\u201d com Cristo. Ou seja, da mesma maneira que acontece com ele, acontece conosco tamb\u00e9m. Segundo, minha professora de reda\u00e7\u00e3o me ensinou que devemos\u00a0  ser muito conservadores no uso dos pontos de exclama\u00e7\u00e3o. Doutra sorte, perdem a sua for\u00e7a. Mas como evit\u00e1-los diante  destas afirma\u00e7\u00f5es de Paulo?<\/p>\n<p>Agora, esta \u201cgl\u00f3ria\u201d \u00e9 somente futura? Para responder, temos que lembrar que a  promessa da nossa gl\u00f3ria \u00e9 t\u00e3o segura quanto \u00e0 gl\u00f3ria de Cristo. E a gl\u00f3ria de  Cristo \u00e9 meramenta futura? N\u00e3o. J\u00e1 participamos nesta gl\u00f3ria, como tamb\u00e9m j\u00e1 participamos no sofrimento de Cristo. N\u00e3o significa que os nossos  sofrimentos s\u00e3o\u00a0 menos sofridos. Mas sabemos que o \u201csaldo\u201d da nossa heran\u00e7a sempre pesa para o lado gl\u00f3ria. A gl\u00f3ria sempre  pesa mais (sabia que \u201cgl\u00f3ria\u201d no hebraico significa \u201cpesado\u201d?).<\/p>\n<p>Portanto, Solange, tu, como toda a turma da Rocha, \u00e9s filha de Deus, amada por  Deus, com uma heran\u00e7a e tanto! Pois carregas um \u201cpeso\u201d muito pesado. N\u00e3o um peso  de fardo, mas um peso de tesouro de ouro, diamantes e mais. Por isso,  brilhes, mesmo no sofrimento. Deus te guarde e Deus nos guarde.<\/p>\n<p><strong>Ora\u00e7\u00e3o<\/strong><\/p>\n<p style=\"padding-left: 30px\"><em>Pai bondoso, ponha Tua m\u00e3o sobre o ombro da Solange, e execute a Tua cura. Apresse o seu  tratmento. Guie os Teus instrumentos humanos com precis\u00e3o, carinho, e agilidade.  Salve-nos em nome de Jesus. Am\u00e9m.<\/em><\/p>\n","protected":false},"excerpt":{"rendered":"<p>E se somos seus filhos, tamb\u00e9m somos herdeiros. Isto mesmo! Herdeiros de Deus e herdeiros junto com Cristo! Isto significa que se sofremos junto com Cristo, pode ter certeza que junto com Cristo tomaremos parte da sua gl\u00f3ria. (minha tradu\u00e7\u00e3o) Reflex\u00e3o Escrevo para Solange. E escrevo para todos n\u00f3s. Romanos 8.16, o vers\u00edculo da nossa [&hellip;]<\/p>\n","protected":false},"author":25,"featured_media":0,"comment_status":"open","ping_status":"open","sticky":false,"template":"","format":"standard","meta":{"ngg_post_thumbnail":0,"footnotes":""},"categories":[5447,12415],"tags":[],"class_list":["post-211","post","type-post","status-publish","format-standard","hentry","category-devocional","category-romanos"],"_links":{"self":[{"href":"https:\/\/ultimato.com.br\/sites\/timcarriker\/wp-json\/wp\/v2\/posts\/211","targetHints":{"allow":["GET"]}}],"collection":[{"href":"https:\/\/ultimato.com.br\/sites\/timcarriker\/wp-json\/wp\/v2\/posts"}],"about":[{"href":"https:\/\/ultimato.com.br\/sites\/timcarriker\/wp-json\/wp\/v2\/types\/post"}],"author":[{"embeddable":true,"href":"https:\/\/ultimato.com.br\/sites\/timcarriker\/wp-json\/wp\/v2\/users\/25"}],"replies":[{"embeddable":true,"href":"https:\/\/ultimato.com.br\/sites\/timcarriker\/wp-json\/wp\/v2\/comments?post=211"}],"version-history":[{"count":1,"href":"https:\/\/ultimato.com.br\/sites\/timcarriker\/wp-json\/wp\/v2\/posts\/211\/revisions"}],"predecessor-version":[{"id":2242,"href":"https:\/\/ultimato.com.br\/sites\/timcarriker\/wp-json\/wp\/v2\/posts\/211\/revisions\/2242"}],"wp:attachment":[{"href":"https:\/\/ultimato.com.br\/sites\/timcarriker\/wp-json\/wp\/v2\/media?parent=211"}],"wp:term":[{"taxonomy":"category","embeddable":true,"href":"https:\/\/ultimato.com.br\/sites\/timcarriker\/wp-json\/wp\/v2\/categories?post=211"},{"taxonomy":"post_tag","embeddable":true,"href":"https:\/\/ultimato.com.br\/sites\/timcarriker\/wp-json\/wp\/v2\/tags?post=211"}],"curies":[{"name":"wp","href":"https:\/\/api.w.org\/{rel}","templated":true}]}}