{"id":2097,"date":"2016-06-22T23:16:09","date_gmt":"2016-06-23T01:16:09","guid":{"rendered":"http:\/\/ultimato.com.br\/sites\/timcarriker\/?p=2097"},"modified":"2016-06-22T23:16:09","modified_gmt":"2016-06-23T01:16:09","slug":"cheios-do-espirito","status":"publish","type":"post","link":"https:\/\/ultimato.com.br\/sites\/timcarriker\/2016\/06\/22\/cheios-do-espirito\/","title":{"rendered":"Cheios do Esp\u00edrito!"},"content":{"rendered":"<blockquote><p>Quando chegou o dia de Pentecostes, todos os seguidores de Jesus estavam reunidos no mesmo lugar. \u00a0De repente, veio do c\u00e9u um barulho que parecia o de um vento soprando muito forte e esse barulho encheu toda a casa onde estavam sentados. \u00a0Ent\u00e3o todos viram umas coisas parecidas com chamas, que se espalharam como l\u00ednguas de fogo; e cada pessoa foi tocada por uma dessas l\u00ednguas. \u00a0Todos ficaram cheios do Esp\u00edrito Santo e come\u00e7aram a falar em outras l\u00ednguas, de acordo com o poder que o Esp\u00edrito dava a cada pessoa. &#8212; Atos 2.1-4 (NTLH)<\/p><\/blockquote>\n<p>Estes vers\u00edculos iniciam a segunda divis\u00e3o do Livro de Atos (2.1\u20138.4) que inclui, por sua vez, um apelo para todo Israel (2.1\u20133.26) e a vida e persegui\u00e7\u00f5es dos primeiros crist\u00e3os em Jerusal\u00e9m (4.1\u20138.4).\u00a0Este in\u00edcio relata a vinda do Esp\u00edrito Santo em poder que foi antecipada pelas promessas feitas em Lucas 24.49 e Atos 1.4-5 e em cumprimento \u00e0s promessas de Deus para os tr\u00eas pilares do juda\u00edsmo: Abra\u00e3o, Mois\u00e9s e Davi, sendo estes os mais not\u00f3rios dos patriarcas, dos ju\u00edzes e dos reis. Vejamos como este cumprimento se due em rela\u00e7\u00e3o a cada um destes pilares.<!--more--><\/p>\n<p>Primeiro. a vinda do Esp\u00edrito Santo em poder cumpre as promessas de Deus para Abra\u00e3o que recebeu estas promessas pela primeira vez em G\u00eanesis 12.1-3 como consequ\u00eancia do c\u00famulo de\u00a0rebeli\u00e3o humana que foi se intensificando desde G\u00eanesis 3 at\u00e9 o relato da Torre de Babel em G\u00eanesis 11. Nesta ocasi\u00e3o os seres humanos queriam tornar c\u00e9lebre o seu nome (Gn 11.4). Como castigo Deus os dispersou e confundiu a sua l\u00edngua em diversas l\u00ednguas. Logo em seguida, na sua\u00a0alian\u00e7a com Abra\u00e3o, Deus promete\u00a0<em>ele<\/em> engrandecer o nome de Abra\u00e3o e seus descendentes e por meio dele(s) aben\u00e7oar todas as fam\u00edlias da terra, exatamente a invers\u00e3o da maldi\u00e7\u00e3o que Deus pronunciou sobre os habitantes da Torre de Babel. O \u00e1pice do cumprimento desta promessa para Abra\u00e3o e para os seus descendentes, portanto, \u00e9 dramatizado no Dia de Pentecostes quando o Esp\u00edrito vem e os povos que vieram para a festa e assistiram a vinda do Esp\u00edrito entenderam as l\u00ednguas que os cheios do Esp\u00edrito come\u00e7aram a falar.<\/p>\n<p>Interessante que o cumprimento destas promessas ocorreu justamente na\u00a0Festa de Pentecostes, celebrada 50 dias depois da P\u00e1scoa, incluindo o primeiro e \u00faltimo dia (Lv 23.15-21). E a P\u00e1scoa era um dos eventos mais importantes da hist\u00f3ria dos judeus quando lembravam da sua reden\u00e7\u00e3o por Deus. O nome &#8220;Pentecostes&#8221; (significa &#8220;quinquag\u00e9simo&#8221;) vem de grego e foi dado pelos judeus helenistas (de fala grega). Mas os judeus de fala hebraica\u00a0chamavam a celebra\u00e7\u00e3o de &#8220;Festa de Semanas&#8221; (sete semanas depois da P\u00e1scoa, \u00cax 34.22; Dt 16.10) comemorando a entrega dos Dez Mandamentos e a formaliza\u00e7\u00e3o da alian\u00e7a de Deus com o seu povo no Monte Sinai\u00a0<em>sete semanas<\/em> depois do \u00eaxodo (um c\u00e1lculo baseado no Talmude, um coment\u00e1rio dos judeus antigos). Portanto, o Pentecostes lembrava os judeus tanto da alian\u00e7a dada e das promessas de Deus para Abra\u00e3o quanto a alian\u00e7a formalizada e as promessas de Deus para Mois\u00e9s. E quando Deus formalizou a sua alian\u00e7a com Mois\u00e9s, ao dar-lhe a Lei, prometeu que seria um reino de sacerdotes, ou seja intercederia a favor de todos os povos (\u00cax 19.1-5). E t\u00e3o internacionaliza\u00e7\u00e3o das promessas de Deus se concretiza novamente a partir de Pentecostes com a compreens\u00e3o das l\u00ednguas pelas diversas na\u00e7\u00f5es presentes.<\/p>\n<p>Finalmente, a vinda do Esp\u00edrito no Pentecostes cumpriu as promessas dadas para Davi. E, de fato,\u00a0a tradi\u00e7\u00e3o judaica diz que o Rei Davi nasceu neste dia e Pedro, em Atos 2.14-39 conecta a morte, a vida e a ascens\u00e3o de Jesus a morte, o enterramento e a esperan\u00e7a de imortalidade de Davi. Tudo isto tem a maior import\u00e2ncia. Pois, de acordo com Pedro, Davi entendeu que Deus cumpriria as suas promessas feitas para ele por meio da ressurrei\u00e7\u00e3o do messias (At 2.30-32). E quais eram as promessas de Deus para este descendente de Davi, sen\u00e3o que o seu dom\u00ednio seria de mar a mar (Sl 72.8-11) e ele ser\u00e1 aben\u00e7oado por reis e na\u00e7\u00f5es do mundo inteiro (Sl 72.17-19).<\/p>\n<p>Novamente, tudo isto come\u00e7ou com a divulga\u00e7\u00e3o em poder do Evangelho entre todas as na\u00e7\u00f5es no Dia de Pentecostes. Por isso,\u00a0Pentecostes \u00e9 tamb\u00e9m conhecido como a Festa da Colheita (\u00cax 23.16) e o Dia das Prim\u00edcias (primeiro fruto, Nm 28.26).2. 1\u201313. N\u00e3o \u00e9 \u00e0 toa que, como crist\u00e3os, somos exortados a procurar a plenitude do Esp\u00edrito continuamente (Ef 5.18) pois \u00e9 esta vida pelo Esp\u00edrito que nos capacita como testemunhos eficazes de Jesus.<\/p>\n<p>&nbsp;<\/p>\n","protected":false},"excerpt":{"rendered":"<p>Quando chegou o dia de Pentecostes, todos os seguidores de Jesus estavam reunidos no mesmo lugar. \u00a0De repente, veio do c\u00e9u um barulho que parecia o de um vento soprando muito forte e esse barulho encheu toda a casa onde estavam sentados. \u00a0Ent\u00e3o todos viram umas coisas parecidas com chamas, que se espalharam como l\u00ednguas [&hellip;]<\/p>\n","protected":false},"author":25,"featured_media":0,"comment_status":"open","ping_status":"open","sticky":false,"template":"","format":"standard","meta":{"ngg_post_thumbnail":0,"footnotes":""},"categories":[17780,116,12041],"tags":[],"class_list":["post-2097","post","type-post","status-publish","format-standard","hentry","category-atos","category-blog","category-escritura-sagrada"],"_links":{"self":[{"href":"https:\/\/ultimato.com.br\/sites\/timcarriker\/wp-json\/wp\/v2\/posts\/2097","targetHints":{"allow":["GET"]}}],"collection":[{"href":"https:\/\/ultimato.com.br\/sites\/timcarriker\/wp-json\/wp\/v2\/posts"}],"about":[{"href":"https:\/\/ultimato.com.br\/sites\/timcarriker\/wp-json\/wp\/v2\/types\/post"}],"author":[{"embeddable":true,"href":"https:\/\/ultimato.com.br\/sites\/timcarriker\/wp-json\/wp\/v2\/users\/25"}],"replies":[{"embeddable":true,"href":"https:\/\/ultimato.com.br\/sites\/timcarriker\/wp-json\/wp\/v2\/comments?post=2097"}],"version-history":[{"count":6,"href":"https:\/\/ultimato.com.br\/sites\/timcarriker\/wp-json\/wp\/v2\/posts\/2097\/revisions"}],"predecessor-version":[{"id":2108,"href":"https:\/\/ultimato.com.br\/sites\/timcarriker\/wp-json\/wp\/v2\/posts\/2097\/revisions\/2108"}],"wp:attachment":[{"href":"https:\/\/ultimato.com.br\/sites\/timcarriker\/wp-json\/wp\/v2\/media?parent=2097"}],"wp:term":[{"taxonomy":"category","embeddable":true,"href":"https:\/\/ultimato.com.br\/sites\/timcarriker\/wp-json\/wp\/v2\/categories?post=2097"},{"taxonomy":"post_tag","embeddable":true,"href":"https:\/\/ultimato.com.br\/sites\/timcarriker\/wp-json\/wp\/v2\/tags?post=2097"}],"curies":[{"name":"wp","href":"https:\/\/api.w.org\/{rel}","templated":true}]}}