{"id":2092,"date":"2016-06-10T13:43:36","date_gmt":"2016-06-10T15:43:36","guid":{"rendered":"http:\/\/ultimato.com.br\/sites\/timcarriker\/?p=2092"},"modified":"2016-06-03T14:55:40","modified_gmt":"2016-06-03T16:55:40","slug":"por-que-12","status":"publish","type":"post","link":"https:\/\/ultimato.com.br\/sites\/timcarriker\/2016\/06\/10\/por-que-12\/","title":{"rendered":"Por que 12?"},"content":{"rendered":"<blockquote><p>\u00a0\u2014 Portanto, precisamos escolher outro homem para pertencer ao nosso grupo e ser testemunha junto conosco da ressurrei\u00e7\u00e3o do Senhor Jesus. Deve ser um daqueles que nos acompanharam durante o tempo em que o Senhor Jesus andou entre n\u00f3s, desde que foi batizado por Jo\u00e3o at\u00e9 o dia em que foi levado para o c\u00e9u.<br \/>\nE foram apresentados dois homens:Jos\u00e9, chamado Barsab\u00e1s, que tinha o apelido de Justo, e Matias. \u00a0Em seguida oraram, dizendo:<br \/>\n\u2014 Senhor, tu conheces o cora\u00e7\u00e3o de todos. Mostra agora qual dos dois escolheste \u00a0para trabalhar conosco como ap\u00f3stolo, pois Judas abandonou este trabalho e foi para o lugar que ele merecia.<br \/>\nDepois fizeram um sorteio para escolher um dos dois. O nome sorteado foi o de Matias, que se juntou ao grupo dos onze ap\u00f3stolos. &#8212; Atos 1.21-26<\/p><\/blockquote>\n<p>Atos 1.15-26 conta a lideran\u00e7a de Pedro, em uma reuni\u00e3o de cento e vinte disc\u00edpulos, para completar o grupo de ap\u00f3stolos. O grupo havia sido reduzido para onze por causa da trai\u00e7\u00e3o e morte de Judas e agora era necess\u00e1rio substitui-lo e completar o grupo dos\u00a0doze. Mas por que era t\u00e3o importante que o grupo de ap\u00f3stolos fosse doze? Por que n\u00e3o poderia ficar em onze? Por que n\u00e3o esperar a vinda do ap\u00f3stolo Paulo para completar os doze?<!--more--><\/p>\n<p>O texto n\u00e3o responde a todas estas perguntas explicitamente. Apenas nos informa que o substituto precisava ser algu\u00e9m que tivesse acompanhado o minist\u00e9rio terrestre de Jesus que se iniciou com o seu batismo e terminou com a sua ascens\u00e3o&#8230; crit\u00e9rio este que elimina a possibilidade de incluir o ap\u00f3stolo Paulo, que de qualquer maneira ainda n\u00e3o era disc\u00edpulo de Jesus naquele momento.<\/p>\n<p>Poderia pensar que precisava ser doze porque este foi o n\u00famero de disc\u00edpulos que Jesus escolheu. Uma resposta melhor ainda, e que \u00e9 largamente divulgada, \u00e9 que doze \u00e9 o n\u00famero de tribos de Israel e que Jesus, por escolher doze, estava deixando a entender que ele pr\u00f3prio estava restaurando Israel, o povo de Deus. Essa explica\u00e7\u00e3o \u00e9 boa e tem respaldo tanto hist\u00f3rico quanto b\u00edblico. Vejamos&#8230;<\/p>\n<p>A necessidade de ter doze ap\u00f3stolos para representar as doze tribos de Israel e assim indicar um programa de restaura\u00e7\u00e3o de Israel tem respaldo hist\u00f3rico simplesmente porque havia diversos grupos, notoriamente os ess\u00eanios e a comunidade dos Rolos do Mar Morto, que procuravam fazer exatamente isto: reconstruir o &#8220;Israel de Deus&#8221;. Este e outros grupos naquele per\u00edodo\u00a0acreditavam que os atuais l\u00edderes do povo judeu, o sumo sacerdote e Herodes por exemplo, eram l\u00edderes corruptos que comprometiam os princ\u00edpios sagrados de Israel. Portanto, um plano de &#8220;restaurar&#8221; Israel tinha preced\u00eancia hist\u00f3rica.<\/p>\n<p>Mais importante ainda \u00e9 o respaldo b\u00edblico. Ao assumir o seu destino, a sua morte violenta e impura (morrer pendurado em madeiro), Jesus se identificou com o Servo Sofredor de Isa\u00edas 53 que morre pela na\u00e7\u00e3o. E ao incumbir os seus seguidores logo ap\u00f3s a sua ressurrei\u00e7\u00e3o de levar a mensagem para todos os povos, ele traz \u00e0 mem\u00f3ria e realiza a promessa dada para Abra\u00e3o e repetida muitas vezes para os seus descendentes de que a sua constitui\u00e7\u00e3o em povo, e digo povo grande, tinha o prop\u00f3sito desde o in\u00edcio de aben\u00e7oar todas as fam\u00edlias da terra.<\/p>\n<p>Pronto. Logo ap\u00f3s a ascens\u00e3o de Jesus e sua incumb\u00eancia para os seus seguidores de levar a mensagem para todos os povos, e logo antes do Pentecostes quando tal incumb\u00eancia \u00e9 possibilitada pelo derramamento do Esp\u00edrito Santo, era necess\u00e1rio que a primeira comunidade de f\u00e9 assumisse a\u00a0sua constitui\u00e7\u00e3o como o Israel de Deus e a lideran\u00e7a da comunidade em doze ap\u00f3stolos concretizava tal identidade.<\/p>\n<p>\u00c9 f\u00e1cil esquecer que somos povo de Deus com um prop\u00f3sito maior que n\u00f3s, isto \u00e9, com o prop\u00f3sito de sermos\u00a0um instrumento de Deus para o Seu projeto de alcan\u00e7ar todas as fam\u00edlias da terra e estabelecer novo c\u00e9u e nova terra. Mas n\u00e3o temos papel menor que este.<\/p>\n","protected":false},"excerpt":{"rendered":"<p>\u00a0\u2014 Portanto, precisamos escolher outro homem para pertencer ao nosso grupo e ser testemunha junto conosco da ressurrei\u00e7\u00e3o do Senhor Jesus. Deve ser um daqueles que nos acompanharam durante o tempo em que o Senhor Jesus andou entre n\u00f3s, desde que foi batizado por Jo\u00e3o at\u00e9 o dia em que foi levado para o c\u00e9u. [&hellip;]<\/p>\n","protected":false},"author":25,"featured_media":0,"comment_status":"open","ping_status":"open","sticky":false,"template":"","format":"standard","meta":{"ngg_post_thumbnail":0,"footnotes":""},"categories":[17780,12041],"tags":[],"class_list":["post-2092","post","type-post","status-publish","format-standard","hentry","category-atos","category-escritura-sagrada"],"_links":{"self":[{"href":"https:\/\/ultimato.com.br\/sites\/timcarriker\/wp-json\/wp\/v2\/posts\/2092","targetHints":{"allow":["GET"]}}],"collection":[{"href":"https:\/\/ultimato.com.br\/sites\/timcarriker\/wp-json\/wp\/v2\/posts"}],"about":[{"href":"https:\/\/ultimato.com.br\/sites\/timcarriker\/wp-json\/wp\/v2\/types\/post"}],"author":[{"embeddable":true,"href":"https:\/\/ultimato.com.br\/sites\/timcarriker\/wp-json\/wp\/v2\/users\/25"}],"replies":[{"embeddable":true,"href":"https:\/\/ultimato.com.br\/sites\/timcarriker\/wp-json\/wp\/v2\/comments?post=2092"}],"version-history":[{"count":4,"href":"https:\/\/ultimato.com.br\/sites\/timcarriker\/wp-json\/wp\/v2\/posts\/2092\/revisions"}],"predecessor-version":[{"id":2096,"href":"https:\/\/ultimato.com.br\/sites\/timcarriker\/wp-json\/wp\/v2\/posts\/2092\/revisions\/2096"}],"wp:attachment":[{"href":"https:\/\/ultimato.com.br\/sites\/timcarriker\/wp-json\/wp\/v2\/media?parent=2092"}],"wp:term":[{"taxonomy":"category","embeddable":true,"href":"https:\/\/ultimato.com.br\/sites\/timcarriker\/wp-json\/wp\/v2\/categories?post=2092"},{"taxonomy":"post_tag","embeddable":true,"href":"https:\/\/ultimato.com.br\/sites\/timcarriker\/wp-json\/wp\/v2\/tags?post=2092"}],"curies":[{"name":"wp","href":"https:\/\/api.w.org\/{rel}","templated":true}]}}