{"id":2078,"date":"2016-01-15T14:49:15","date_gmt":"2016-01-15T16:49:15","guid":{"rendered":"http:\/\/ultimato.com.br\/sites\/timcarriker\/?p=2078"},"modified":"2016-01-15T14:58:58","modified_gmt":"2016-01-15T16:58:58","slug":"jah-macho-e-femea","status":"publish","type":"post","link":"https:\/\/ultimato.com.br\/sites\/timcarriker\/2016\/01\/15\/jah-macho-e-femea\/","title":{"rendered":"Jah, macho e f\u00eamea"},"content":{"rendered":"<p>Se n\u00f3s, seres humanos (o significado da palavra hebraica &#8220;\u0101d\u0101m&#8221;) somos criados \u00e0 imagem e \u00e0 semelhan\u00e7a de Deus, e &#8220;homem (da palavra hebraica \u05d6\u05db\u05e8 ou &#8220;z\u0101c\u0101r&#8221;, literalmente &#8220;macho&#8221; ou &#8220;ser afiado&#8221;) e mulher (\u05e0\u05b0\u05e7\u05b5\u05d1\u05b8\u05d4 ou &#8220;nequ\u0113bar&#8221;, literalmente &#8220;f\u00eamea&#8221; ou &#8220;ponto&#8221;) os criou&#8221; (G\u00eanesis 1.27). Pois bem, ent\u00e3o tanto as qualidades de macho quanto de f\u00eamea espelham o Criador e os dois coabitando juntos e unidos enquanto cuidam do restante da cria\u00e7\u00e3o, mais ainda (G\u00eanesis 1.28; veja tamb<span class=\"text_exposed_show\">\u00e9m a passagem paralela de G\u00eanesis 2.15). Portanto, n\u00e3o nos surpreendemos quando Deus \u00e9 descrito, ao longo das Escrituras, tanto com tra\u00e7os e figuras femininos quanto masculinos. Por exemplo&#8230;<\/span><\/p>\n<div class=\"text_exposed_show\">\n<ul>\n<li>Deus Jahv\u00e9 conforta o seu povo como uma m\u00e3e conforta seu filho ou sua filha (Isa\u00edas 66.13)<\/li>\n<li>Como uma mulher que jamais esquece de amamentar seu nen\u00ea, Deus Jahv\u00e9 n\u00e3o esquecer\u00e1 dos seus filhos e filhas (Isa\u00edas 49.15)<\/li>\n<li>Deus Jahv\u00e9 \u00e9 como uma \u00e1guia m\u00e3e protegendo os seus filhotes (Deuteron\u00f4mio 32.11)<\/li>\n<li>Deus bisca o perdido como uma mulher procurando uma moeda perdida (Lucas 15.8-10)<\/li>\n<li>Deus El cuida do seu povo como uma parteira cuida da crian\u00e7a que acaba de nascer (Salmo 22.9-10; 71.6; Ia\u00edas 66.9)<\/li>\n<li>Deus sente a f\u00faria como uma ursa-m\u00e3e privada do seus filhotes (Os\u00e9ias 13.8)<\/li>\n<li>Jesus anseia pelo povo de Jerusal\u00e9m, como uma galinha ajunta os do seu pr\u00f3prio ninho debaixo das asas (Lucas 13.34)<\/li>\n<\/ul>\n<p>As figuras masculinas de pai, guerreiro, etc. s\u00e3o mais conhecidas, sem necessidade de ilustrar. Fascinante que somente juntos, macho e f\u00eamea, refletimos, mesmo que em parte, o Criador. Por isso, o respeito m\u00fatuo e o intuito de reconhecer e realizar o potencial do outro g\u00eanero est\u00e1 no cerne da espiritualidade.<\/p>\n<\/div>\n","protected":false},"excerpt":{"rendered":"<p>Se n\u00f3s, seres humanos (o significado da palavra hebraica &#8220;\u0101d\u0101m&#8221;) somos criados \u00e0 imagem e \u00e0 semelhan\u00e7a de Deus, e &#8220;homem (da palavra hebraica \u05d6\u05db\u05e8 ou &#8220;z\u0101c\u0101r&#8221;, literalmente &#8220;macho&#8221; ou &#8220;ser afiado&#8221;) e mulher (\u05e0\u05b0\u05e7\u05b5\u05d1\u05b8\u05d4 ou &#8220;nequ\u0113bar&#8221;, literalmente &#8220;f\u00eamea&#8221; ou &#8220;ponto&#8221;) os criou&#8221; (G\u00eanesis 1.27). Pois bem, ent\u00e3o tanto as qualidades de macho quanto de [&hellip;]<\/p>\n","protected":false},"author":25,"featured_media":0,"comment_status":"open","ping_status":"open","sticky":false,"template":"","format":"standard","meta":{"ngg_post_thumbnail":0,"footnotes":""},"categories":[116,12041],"tags":[],"class_list":["post-2078","post","type-post","status-publish","format-standard","hentry","category-blog","category-escritura-sagrada"],"_links":{"self":[{"href":"https:\/\/ultimato.com.br\/sites\/timcarriker\/wp-json\/wp\/v2\/posts\/2078","targetHints":{"allow":["GET"]}}],"collection":[{"href":"https:\/\/ultimato.com.br\/sites\/timcarriker\/wp-json\/wp\/v2\/posts"}],"about":[{"href":"https:\/\/ultimato.com.br\/sites\/timcarriker\/wp-json\/wp\/v2\/types\/post"}],"author":[{"embeddable":true,"href":"https:\/\/ultimato.com.br\/sites\/timcarriker\/wp-json\/wp\/v2\/users\/25"}],"replies":[{"embeddable":true,"href":"https:\/\/ultimato.com.br\/sites\/timcarriker\/wp-json\/wp\/v2\/comments?post=2078"}],"version-history":[{"count":1,"href":"https:\/\/ultimato.com.br\/sites\/timcarriker\/wp-json\/wp\/v2\/posts\/2078\/revisions"}],"predecessor-version":[{"id":2079,"href":"https:\/\/ultimato.com.br\/sites\/timcarriker\/wp-json\/wp\/v2\/posts\/2078\/revisions\/2079"}],"wp:attachment":[{"href":"https:\/\/ultimato.com.br\/sites\/timcarriker\/wp-json\/wp\/v2\/media?parent=2078"}],"wp:term":[{"taxonomy":"category","embeddable":true,"href":"https:\/\/ultimato.com.br\/sites\/timcarriker\/wp-json\/wp\/v2\/categories?post=2078"},{"taxonomy":"post_tag","embeddable":true,"href":"https:\/\/ultimato.com.br\/sites\/timcarriker\/wp-json\/wp\/v2\/tags?post=2078"}],"curies":[{"name":"wp","href":"https:\/\/api.w.org\/{rel}","templated":true}]}}