{"id":207,"date":"2010-06-30T11:33:18","date_gmt":"2010-06-30T13:33:18","guid":{"rendered":"http:\/\/eco-devocional.com\/?p=207"},"modified":"2010-06-30T11:33:18","modified_gmt":"2010-06-30T13:33:18","slug":"semana-26-romanos-8-13-16","status":"publish","type":"post","link":"https:\/\/ultimato.com.br\/sites\/timcarriker\/2010\/06\/30\/semana-26-romanos-8-13-16\/","title":{"rendered":"Semana 26: Romanos  8.13-16"},"content":{"rendered":"<p style=\"padding-left: 30px\"><em><sup>13<\/sup><\/em><em> Porque, se voc\u00eas viverem de acordo com a  natureza humana, voc\u00eas morrer\u00e3o espiritualmente; mas, se pelo Esp\u00edrito de Deus  voc\u00eas matarem as suas a\u00e7\u00f5es pecaminosas, voc\u00eas viver\u00e3o espiritualmente. <sup>14<\/sup> Pois aqueles que s\u00e3o guiados pelo Esp\u00edrito de Deus s\u00e3o filhos de Deus. <sup>15<\/sup> Porque o Esp\u00edrito que voc\u00eas receberam de Deus n\u00e3o torna voc\u00eas escravos e  n\u00e3o faz com que tenham medo. Pelo contr\u00e1rio, o Esp\u00edrito torna voc\u00eas filhos  de Deus; e pelo poder do Esp\u00edrito dizemos com fervor a Deus: \u201cPai, meu Pai!\u201d <sup>16<\/sup> O Esp\u00edrito de Deus se une com o nosso esp\u00edrito para afirmar que somos  filhos de Deus.. <\/em>(NTLH)<\/p>\n<p><strong>Reflex\u00e3o<\/strong><\/p>\n<p>Adorei! Alguma coisinha na devocional da semana retrasada sobre Romanos 7.7-9 (Semana  23) n\u00e3o me parecia certa. Lembra, quando falamos que somos ou escravos do pecado  ou escravos de Deus? S\u00f3 que as Escrituras eram claras. Diziam exatamente  isso e o racioc\u00ednio de Paulo n\u00e3o deixava d\u00favida. \u00c9 isso mesmo: seres humanos  s\u00e3o inevitavelmente <em>escravos<\/em> de algo, ou do seu Criador ou da  rebeli\u00e3o contra o seu Criador. N\u00e3o h\u00e1 neutralidade e n\u00e3o h\u00e1 meio termo.<\/p>\n<p>S\u00f3 que eu n\u00e3o lembrava que logo em seguida Paulo iria dizer o que ele disse na  passagem acima: \u201c<em>porque<\/em> <em>o Esp\u00edrito  que voc\u00eas receberam de Deus <span style=\"text-decoration: underline\">n\u00e3o torna voc\u00eas escravos<\/span><\/em>.\u201dEnt\u00e3o, qual \u00e9, seguidores de Jesus s\u00e3o ou n\u00e3o s\u00e3o escravos de Deus? Bem, se levarmos a s\u00e9rio a  linguagem de Paulo nas duas passagens, a resposta s\u00f3 poderia ser \u201csim\u201d para as duas perguntas. Por um lado, para n\u00e3o sermos escravos do pecado, nos tornamos escravos de Deus, porque submetemo-nos a Deus como Senhor. Por outro  lado, ao nos tornamos escravos de Deus, como Paulo explica acima, \u201co Esp\u00edrito de  Deus se une com o nosso esp\u00edrito\u201d, e, unidos ao Esp\u00edrito de Deus, isto  transforma o nosso relacionamento em um de filia\u00e7\u00e3o, algo bem mais \u00edntimo. O  relacionamento de filho para pai ainda \u00e9 um relacionamento de obedi\u00eancia, uma esp\u00e9cie  de \u201cescravid\u00e3o\u201d, mas n\u00e3o \u00e9 um relacionamento de mera servid\u00e3o. Ou seja, n\u00e3o  nos submetemos a algu\u00e9m que n\u00e3o se preocupa conosco e que n\u00e3o tem o nosso  melhor interesse em mente. Submetemo-nos \u00e0quele que melhor define o conceito de  pai: quem nos gera, quem nos nutre, quem acompanhe e direcione o nosso amadurecimento para que realizemos, ao m\u00e1ximo, os dons e talentos que  ele nos deu para cumprir o nosso plano de vida como mordomos da cria\u00e7\u00e3o de Deus.<\/p>\n<p>Portanto, escravos de Deus, sim (cap\u00edtulo 7), mas mais que isto, filhos e filhas queridos.<\/p>\n<p><strong>Ora\u00e7\u00e3o<\/strong><\/p>\n<p style=\"padding-left: 30px\"><em>Como \u00e9 bom, \u00f3 Pai, saber que Tu nos amas e que cuidas de n\u00f3s. Feliz Dia dos Pais, Pai  Eterno! Em nome de Jesus. Am\u00e9m.<\/em><\/p>\n","protected":false},"excerpt":{"rendered":"<p>13 Porque, se voc\u00eas viverem de acordo com a natureza humana, voc\u00eas morrer\u00e3o espiritualmente; mas, se pelo Esp\u00edrito de Deus voc\u00eas matarem as suas a\u00e7\u00f5es pecaminosas, voc\u00eas viver\u00e3o espiritualmente. 14 Pois aqueles que s\u00e3o guiados pelo Esp\u00edrito de Deus s\u00e3o filhos de Deus. 15 Porque o Esp\u00edrito que voc\u00eas receberam de Deus n\u00e3o torna voc\u00eas [&hellip;]<\/p>\n","protected":false},"author":25,"featured_media":0,"comment_status":"open","ping_status":"open","sticky":false,"template":"","format":"standard","meta":{"ngg_post_thumbnail":0,"footnotes":""},"categories":[5447,12415],"tags":[],"class_list":["post-207","post","type-post","status-publish","format-standard","hentry","category-devocional","category-romanos"],"_links":{"self":[{"href":"https:\/\/ultimato.com.br\/sites\/timcarriker\/wp-json\/wp\/v2\/posts\/207","targetHints":{"allow":["GET"]}}],"collection":[{"href":"https:\/\/ultimato.com.br\/sites\/timcarriker\/wp-json\/wp\/v2\/posts"}],"about":[{"href":"https:\/\/ultimato.com.br\/sites\/timcarriker\/wp-json\/wp\/v2\/types\/post"}],"author":[{"embeddable":true,"href":"https:\/\/ultimato.com.br\/sites\/timcarriker\/wp-json\/wp\/v2\/users\/25"}],"replies":[{"embeddable":true,"href":"https:\/\/ultimato.com.br\/sites\/timcarriker\/wp-json\/wp\/v2\/comments?post=207"}],"version-history":[{"count":0,"href":"https:\/\/ultimato.com.br\/sites\/timcarriker\/wp-json\/wp\/v2\/posts\/207\/revisions"}],"wp:attachment":[{"href":"https:\/\/ultimato.com.br\/sites\/timcarriker\/wp-json\/wp\/v2\/media?parent=207"}],"wp:term":[{"taxonomy":"category","embeddable":true,"href":"https:\/\/ultimato.com.br\/sites\/timcarriker\/wp-json\/wp\/v2\/categories?post=207"},{"taxonomy":"post_tag","embeddable":true,"href":"https:\/\/ultimato.com.br\/sites\/timcarriker\/wp-json\/wp\/v2\/tags?post=207"}],"curies":[{"name":"wp","href":"https:\/\/api.w.org\/{rel}","templated":true}]}}