{"id":1987,"date":"2015-06-23T18:12:01","date_gmt":"2015-06-23T20:12:01","guid":{"rendered":"http:\/\/ultimato.com.br\/sites\/timcarriker\/?p=1987"},"modified":"2015-06-23T18:17:56","modified_gmt":"2015-06-23T20:17:56","slug":"enciclica-papal-laudato-si","status":"publish","type":"post","link":"https:\/\/ultimato.com.br\/sites\/timcarriker\/2015\/06\/23\/enciclica-papal-laudato-si\/","title":{"rendered":"A Enc\u00edclica Papal Laudato S\u00ec"},"content":{"rendered":"<p>A\u00a0nova Enc\u00edclica Papal <i>Laudato S\u00ec<\/i> (\u00abLouvado sejas\u00bb), comunicada na semana passada, no dia 18 de junho, \u00e9 uma contribui\u00e7\u00e3o muito importante n\u00e3o s\u00f3 para cat\u00f3licos romanos e at\u00e9 mesmo para todos os crist\u00e3os, mas \u00e9 dirijida e relevante para pessoas de qualquer religi\u00e3o, a comunidade cient\u00edfica e todas as organiza\u00e7\u00f5es governamentais, \u00a0todos os que vivem debaixo do mesmo teto&#8230; este teto que denominamos &#8220;Planeta Terra&#8221;. Ali\u00e1s, o Papa Francisco toma o devido cuidado de\u00a0convidar todos a refletir e se engajar novamente em um debate, justamente por causa da important\u00edssima reuni\u00e3o das Na\u00e7\u00f5es Unidas em dezembro de 2015 para negociar a\u00e7\u00f5es concretas\u00a0a n\u00edvel mundial. Claro que \u00a0j\u00e1 aconteceram muitos debates nas \u00faltimas d\u00e9cadas em escolas, governos, ind\u00fastrias e insititui\u00e7\u00f5es religiosas em todos os n\u00edveis, e assim, este \u00e9 mais um entre muitos a n\u00edvel mundial. E \u00e9 justamente porque as a\u00e7\u00f5es em coopera\u00e7\u00e3o entre os pa\u00edses, especialmente os mais ricos, ainda est\u00e3o muito aqu\u00e9m de deter a deteriora\u00e7\u00e3o do meio ambiente, que o papa vem com um apelo t\u00e3o forte.<\/p>\n<p>Trata-se de 191 p\u00e1ginas bem elaboradas de apelo, reflex\u00e3o e propostas, e por isso mesmo prefiro me abster de uma an\u00e1lise mais detalhada, pois a minha pr\u00f3pria conclus\u00e3o \u00e9 que o documento merece primeiro sua pr\u00f3pria leitura e estudo demorados. Apenas reparo a sequ\u00eancia das suas ideias&#8230;<!--more--><\/p>\n<p>No in\u00edcio, o documento recapitula as principais afirma\u00e7\u00f5es anteriores pelos papas Joa\u0303o XXIII, Paulo VI, Jo\u00e3o Paulo II e Bento XVI. Depois inclui as observa\u00e7\u00f5es do Patriarca Ecum\u00eanico Bartolomeu, da Igreja Ortodoxa de Constantinopla, especialmente o seu apelo para se &#8220;aprender a dar e n\u00e3o simplesmente renunciar&#8221; \u00a0sempre ao consumo. E por fim, lembra durante v\u00e1rias p\u00e1ginas de encl\u00edclica, o exemplo, o ensino e o esp\u00edrito de Francisco de Assis, de quem o papa assumiu o seu nome. Ali\u00e1s, a encl\u00edclica recebeu o seu nome, &#8220;Louvado sejas&#8221; do h\u00e1bito de Francisco de Assis de\u00a0cantar louvores a Deus pela sua cria\u00e7\u00e3o e convidar todas as criaturas a cantarem junto com ele. Logo em seguida, v\u00eam as partes principais da enc\u00edclica&#8230;<\/p>\n<ul>\n<li>cap\u00edtulo 1: uma an\u00e1lise da atual crise em termos da polui\u00e7\u00e3o e das mudan\u00e7as clim\u00e1ticas, problemas de \u00e1gua, a perda da biodiversidade, a deteriora\u00e7\u00e3o da\u00a0qualidade de vida humana, a desigualdade plantet\u00e1ria e a diversidade de opini\u00f5es<\/li>\n<li>cap\u00edtulo 2: uma excelente an\u00e1lise da contribui\u00e7\u00e3o das Escrituras para a conscientiza\u00e7\u00e3o socio-ambiental caminhando em dire\u00e7\u00e3o a a\u00e7\u00f5es concretas<\/li>\n<li>cap\u00edtulo 3: uma an\u00e1lise das causas humanas da crise atual em termos de pol\u00edticas da tecnologia, a globaliza\u00e7\u00e3o de um paradigma tecnocr\u00e1tico e alguns valores da modernidade e p\u00f3s-modernidade<\/li>\n<li>Cap\u00edtulo 4: um apelo a favor de uma perspectiva ecol\u00f3gica\u00a0<em>integral<\/em> que leve em conta a diversidade social, valores culturais, as rotinas di\u00e1rias das pessoas, o princ\u00edpio do bem comum e da justi\u00e7a intergeracional<\/li>\n<li>cap\u00edtulo 5: uma proposta de linhas de orienta\u00e7\u00e3o e a\u00e7\u00e3o<\/li>\n<li>cap\u00edtulo 6: uma reflex\u00e3o sobre a relev\u00e2ncia da educa\u00e7\u00e3o e espiritualidade ecol\u00f3gicas<\/li>\n<\/ul>\n<p>Confesso que depois de uma leitura inicial e mais r\u00e1pida, vejo a necessidade de uma segunda leitura mais atenciosa. Pela import\u00e2ncia do papa como l\u00edder religioso de ampla abrang\u00eancia e mesmo com as diferen\u00e7as significantes entre o\u00a0mundo protestante e\u00a0o mundo cat\u00f3lico, entendo este documento como um instrumento muito importante para todos discutirem, inclusive para podermos articular melhor nas bases os pleitos\u00a0que podem ser\u00a0encaminhados formalmente ou via as redes sociais, para a reuni\u00e3o das Na\u00e7\u00f5es Unidas no final do ano.<\/p>\n<p>Por fim,\u00a0A Rocha publicou uma nota sobre o documento <a href=\"http:\/\/ultimato.com.br\/sites\/arocha\/2015\/06\/19\/a-rocha-acolhe-a-nova-enciclica-papal-laudato-si-louvado-sejas-com-sua-forte-mensagem-moral-sobre-o-meio-ambiente\/\" target=\"_blank\">aqui<\/a>.<\/p>\n<div class=\"page\" title=\"Page 191\"><\/div>\n","protected":false},"excerpt":{"rendered":"<p>A\u00a0nova Enc\u00edclica Papal Laudato S\u00ec (\u00abLouvado sejas\u00bb), comunicada na semana passada, no dia 18 de junho, \u00e9 uma contribui\u00e7\u00e3o muito importante n\u00e3o s\u00f3 para cat\u00f3licos romanos e at\u00e9 mesmo para todos os crist\u00e3os, mas \u00e9 dirijida e relevante para pessoas de qualquer religi\u00e3o, a comunidade cient\u00edfica e todas as organiza\u00e7\u00f5es governamentais, \u00a0todos os que vivem [&hellip;]<\/p>\n","protected":false},"author":25,"featured_media":1993,"comment_status":"open","ping_status":"open","sticky":false,"template":"","format":"standard","meta":{"ngg_post_thumbnail":0,"footnotes":""},"categories":[114,116,12042],"tags":[],"class_list":["post-1987","post","type-post","status-publish","format-standard","has-post-thumbnail","hentry","category-artigos","category-blog","category-fe-e-missao"],"_links":{"self":[{"href":"https:\/\/ultimato.com.br\/sites\/timcarriker\/wp-json\/wp\/v2\/posts\/1987","targetHints":{"allow":["GET"]}}],"collection":[{"href":"https:\/\/ultimato.com.br\/sites\/timcarriker\/wp-json\/wp\/v2\/posts"}],"about":[{"href":"https:\/\/ultimato.com.br\/sites\/timcarriker\/wp-json\/wp\/v2\/types\/post"}],"author":[{"embeddable":true,"href":"https:\/\/ultimato.com.br\/sites\/timcarriker\/wp-json\/wp\/v2\/users\/25"}],"replies":[{"embeddable":true,"href":"https:\/\/ultimato.com.br\/sites\/timcarriker\/wp-json\/wp\/v2\/comments?post=1987"}],"version-history":[{"count":7,"href":"https:\/\/ultimato.com.br\/sites\/timcarriker\/wp-json\/wp\/v2\/posts\/1987\/revisions"}],"predecessor-version":[{"id":1995,"href":"https:\/\/ultimato.com.br\/sites\/timcarriker\/wp-json\/wp\/v2\/posts\/1987\/revisions\/1995"}],"wp:featuredmedia":[{"embeddable":true,"href":"https:\/\/ultimato.com.br\/sites\/timcarriker\/wp-json\/wp\/v2\/media\/1993"}],"wp:attachment":[{"href":"https:\/\/ultimato.com.br\/sites\/timcarriker\/wp-json\/wp\/v2\/media?parent=1987"}],"wp:term":[{"taxonomy":"category","embeddable":true,"href":"https:\/\/ultimato.com.br\/sites\/timcarriker\/wp-json\/wp\/v2\/categories?post=1987"},{"taxonomy":"post_tag","embeddable":true,"href":"https:\/\/ultimato.com.br\/sites\/timcarriker\/wp-json\/wp\/v2\/tags?post=1987"}],"curies":[{"name":"wp","href":"https:\/\/api.w.org\/{rel}","templated":true}]}}