{"id":1907,"date":"2014-10-07T11:24:56","date_gmt":"2014-10-07T13:24:56","guid":{"rendered":"http:\/\/ultimato.com.br\/sites\/timcarriker\/?p=1907"},"modified":"2014-10-07T11:24:56","modified_gmt":"2014-10-07T13:24:56","slug":"segundo-dia-do-7-cbm","status":"publish","type":"post","link":"https:\/\/ultimato.com.br\/sites\/timcarriker\/2014\/10\/07\/segundo-dia-do-7-cbm\/","title":{"rendered":"Segundo dia do 7 CBM"},"content":{"rendered":"<p>Come\u00e7amos o segundo dia do Congresso ouvindo o brit\u00e2nico Chris Wright, te\u00f3logo e articulador da importante Declara\u00e7\u00e3o de Lausanne na Cidade do Cabo. Falou: &#8220;sem a coer\u00eancia da vida crist\u00e3 (retid\u00e3o e justi\u00e7a), a miss\u00e3o do povo de Deus \u00e9 prejudicado&#8221;.<\/p>\n<p>Agora est\u00e1 falando o Dr. Carlos Del Pino, nosso ex-aluno de mestrado e hoje coordenador do trabalho mission\u00e1rio da Igreja Presbiteriana na Europa&#8230; contando neste exato momento sobre os desafios mission\u00e1rios no ber\u00e7o do protestantismo.<\/p>\n<p>E apenas estamos come\u00e7ando o dia&#8230;<\/p>\n","protected":false},"excerpt":{"rendered":"<p>Come\u00e7amos o segundo dia do Congresso ouvindo o brit\u00e2nico Chris Wright, te\u00f3logo e articulador da importante Declara\u00e7\u00e3o de Lausanne na Cidade do Cabo. Falou: &#8220;sem a coer\u00eancia da vida crist\u00e3 (retid\u00e3o e justi\u00e7a), a miss\u00e3o do povo de Deus \u00e9 prejudicado&#8221;. Agora est\u00e1 falando o Dr. Carlos Del Pino, nosso ex-aluno de mestrado e hoje [&hellip;]<\/p>\n","protected":false},"author":25,"featured_media":0,"comment_status":"open","ping_status":"open","sticky":false,"template":"","format":"standard","meta":{"ngg_post_thumbnail":0,"footnotes":""},"categories":[116],"tags":[],"class_list":["post-1907","post","type-post","status-publish","format-standard","hentry","category-blog"],"_links":{"self":[{"href":"https:\/\/ultimato.com.br\/sites\/timcarriker\/wp-json\/wp\/v2\/posts\/1907","targetHints":{"allow":["GET"]}}],"collection":[{"href":"https:\/\/ultimato.com.br\/sites\/timcarriker\/wp-json\/wp\/v2\/posts"}],"about":[{"href":"https:\/\/ultimato.com.br\/sites\/timcarriker\/wp-json\/wp\/v2\/types\/post"}],"author":[{"embeddable":true,"href":"https:\/\/ultimato.com.br\/sites\/timcarriker\/wp-json\/wp\/v2\/users\/25"}],"replies":[{"embeddable":true,"href":"https:\/\/ultimato.com.br\/sites\/timcarriker\/wp-json\/wp\/v2\/comments?post=1907"}],"version-history":[{"count":1,"href":"https:\/\/ultimato.com.br\/sites\/timcarriker\/wp-json\/wp\/v2\/posts\/1907\/revisions"}],"predecessor-version":[{"id":1908,"href":"https:\/\/ultimato.com.br\/sites\/timcarriker\/wp-json\/wp\/v2\/posts\/1907\/revisions\/1908"}],"wp:attachment":[{"href":"https:\/\/ultimato.com.br\/sites\/timcarriker\/wp-json\/wp\/v2\/media?parent=1907"}],"wp:term":[{"taxonomy":"category","embeddable":true,"href":"https:\/\/ultimato.com.br\/sites\/timcarriker\/wp-json\/wp\/v2\/categories?post=1907"},{"taxonomy":"post_tag","embeddable":true,"href":"https:\/\/ultimato.com.br\/sites\/timcarriker\/wp-json\/wp\/v2\/tags?post=1907"}],"curies":[{"name":"wp","href":"https:\/\/api.w.org\/{rel}","templated":true}]}}