{"id":1904,"date":"2014-10-07T01:08:14","date_gmt":"2014-10-07T03:08:14","guid":{"rendered":"http:\/\/ultimato.com.br\/sites\/timcarriker\/?p=1904"},"modified":"2014-10-07T01:09:49","modified_gmt":"2014-10-07T03:09:49","slug":"primeir-dia-do-7-cbm","status":"publish","type":"post","link":"https:\/\/ultimato.com.br\/sites\/timcarriker\/2014\/10\/07\/primeir-dia-do-7-cbm\/","title":{"rendered":"Primeiro dia do 7 CBM"},"content":{"rendered":"<p>Eu e Marta passamos um primeiro dia no S\u00e9timo Congresso Brasileiro de Miss\u00f5es encontrando muitos amigos \u00edntimos de longa data e fazendo outros novos. M\u00fasica pelo Carlinhos Veiga e fam\u00edlia foi inspiradora, como tamb\u00e9m os testemunhos de envio mission\u00e1rio e a pr\u00f3pria mensagem pelo amigo Ronaldo Lid\u00f3rio. Marta e toda a equipe do CIM-Cuidado Integral de Mission\u00e1rios promoveram um ch\u00e1 para os mission\u00e1rios e se comoveu pelos seus testemunhos.<\/p>\n<p>que bom in\u00edcio!<\/p>\n","protected":false},"excerpt":{"rendered":"<p>Eu e Marta passamos um primeiro dia no S\u00e9timo Congresso Brasileiro de Miss\u00f5es encontrando muitos amigos \u00edntimos de longa data e fazendo outros novos. M\u00fasica pelo Carlinhos Veiga e fam\u00edlia foi inspiradora, como tamb\u00e9m os testemunhos de envio mission\u00e1rio e a pr\u00f3pria mensagem pelo amigo Ronaldo Lid\u00f3rio. Marta e toda a equipe do CIM-Cuidado Integral [&hellip;]<\/p>\n","protected":false},"author":25,"featured_media":0,"comment_status":"open","ping_status":"open","sticky":false,"template":"","format":"standard","meta":{"ngg_post_thumbnail":0,"footnotes":""},"categories":[116],"tags":[],"class_list":["post-1904","post","type-post","status-publish","format-standard","hentry","category-blog"],"_links":{"self":[{"href":"https:\/\/ultimato.com.br\/sites\/timcarriker\/wp-json\/wp\/v2\/posts\/1904","targetHints":{"allow":["GET"]}}],"collection":[{"href":"https:\/\/ultimato.com.br\/sites\/timcarriker\/wp-json\/wp\/v2\/posts"}],"about":[{"href":"https:\/\/ultimato.com.br\/sites\/timcarriker\/wp-json\/wp\/v2\/types\/post"}],"author":[{"embeddable":true,"href":"https:\/\/ultimato.com.br\/sites\/timcarriker\/wp-json\/wp\/v2\/users\/25"}],"replies":[{"embeddable":true,"href":"https:\/\/ultimato.com.br\/sites\/timcarriker\/wp-json\/wp\/v2\/comments?post=1904"}],"version-history":[{"count":2,"href":"https:\/\/ultimato.com.br\/sites\/timcarriker\/wp-json\/wp\/v2\/posts\/1904\/revisions"}],"predecessor-version":[{"id":1906,"href":"https:\/\/ultimato.com.br\/sites\/timcarriker\/wp-json\/wp\/v2\/posts\/1904\/revisions\/1906"}],"wp:attachment":[{"href":"https:\/\/ultimato.com.br\/sites\/timcarriker\/wp-json\/wp\/v2\/media?parent=1904"}],"wp:term":[{"taxonomy":"category","embeddable":true,"href":"https:\/\/ultimato.com.br\/sites\/timcarriker\/wp-json\/wp\/v2\/categories?post=1904"},{"taxonomy":"post_tag","embeddable":true,"href":"https:\/\/ultimato.com.br\/sites\/timcarriker\/wp-json\/wp\/v2\/tags?post=1904"}],"curies":[{"name":"wp","href":"https:\/\/api.w.org\/{rel}","templated":true}]}}