{"id":1756,"date":"2013-09-05T20:41:50","date_gmt":"2013-09-05T22:41:50","guid":{"rendered":"http:\/\/ultimato.com.br\/sites\/timcarriker\/?p=1756"},"modified":"2014-05-05T19:21:19","modified_gmt":"2014-05-05T21:21:19","slug":"ver-nao-depende-so-de-olhos","status":"publish","type":"post","link":"https:\/\/ultimato.com.br\/sites\/timcarriker\/2013\/09\/05\/ver-nao-depende-so-de-olhos\/","title":{"rendered":"Ver n\u00e3o depende s\u00f3 de olhos"},"content":{"rendered":"<p>Semana 69: Lucas 18.31-43<\/p>\n<blockquote><p>&#8230;Os disc\u00edpulos n\u00e3o entenderam nada do que Jesus disse. O que essas palavras queriam dizer estava escondido deles, e eles n\u00e3o sabiam do que Jesus estava falando (v.34)&#8230;<\/p>\n<p>..Senhor, eu quero ver de novo! \u2014 respondeu ele. Ent\u00e3o Jesus disse:\u2014 Veja! Voc\u00ea est\u00e1 curado porque teve f\u00e9. No mesmo instante o homem come\u00e7ou a ver e, dando gl\u00f3ria a Deus, foi seguindo Jesus&#8230;(vv.41b-43a NTLH)<\/p><\/blockquote>\n<p>Em Lucas 18.31-43, doze disc\u00edpulos, seguidores h\u00e1 tr\u00eas anos e \u00edntimos de Jesus, mesmo com boa vis\u00e3o, n\u00e3o &#8220;enxergaram&#8221; o que Jesus estava dizendo. Por outro lado, um desconhecido de Jesus, mesmo cego, enxergou direitinho, e pela f\u00e9, foi curado. Vamos ver estes dois casos mais de perto&#8230;<!--more--><\/p>\n<p><strong>Os doze disc\u00edpulos de boa vis\u00e3o que n\u00e3o enxergavam.<\/strong> Por um lado, \u00e9 f\u00e1cil culpar os disc\u00edpulos pela sua falta de compreens\u00e3o. Digo &#8220;f\u00e1cil&#8221; porque n\u00f3s estamos do lado de c\u00e1 da crucifica\u00e7\u00e3o onde j\u00e1 enxergamos como j\u00e1 acontecido tudo que Jesus previa nesta passagem. E imaginamos, &#8220;porque os disc\u00edpulos n\u00e3o entenderam, depois de tr\u00eas anos, o prop\u00f3sito pelo qual aquele que eles seguiam, veio?&#8221; Ou a gente simplesmente pode concluir do vers\u00edculo 34 que espiritualmente Deus n\u00e3o permitia que os disc\u00edpulos entendessem.<\/p>\n<p>Por outro lado, diante da expectativa popular daquela \u00e9poca, dificilmente os disc\u00edpulos\u00a0<em>poderiam\u00a0<\/em> entender o que Jesus estava falando quando previa o seu sofrimento e morte. Por exemplo, Jesus se referia a si mesmo como o &#8220;Filho do Homem&#8221;, uma figura conhecida pelos judeus especialmente do Livro de Daniel. Em Daniel, o Filho do Homem era uma figura sobrenatural ao lado de Deus que era vitorioso e n\u00e3o sofria. Logo, a previs\u00e3o do sofrimento e morte de Jesus como o\u00a0<em>Filho do Homem<\/em> simplesmente n\u00e3o batia com o ensino das Escrituras mais conhecida pelos judeus. Interesse que Lucas n\u00e3o registra nenhuma rea\u00e7\u00e3o de Jesus a respeito desta falta de compreens\u00e3o pelos disc\u00edpulos. Ao inv\u00e9s disto, passa logo a nos contar a hist\u00f3ria da cura do cego.<\/p>\n<p><strong>O cego que &#8220;enxergava&#8221; antes do sua cura<\/strong>. O cego n\u00e3o foi abordado por Jesus na primeira inst\u00e2ncia, como era o caso dos disc\u00edpulos. Foi o cego que procurou saber de todo o tumulto que passava ao seu redor e foi informado que Jesus estava passando por perto. Sem mais e sem menos o cego se dirigiu a Jesus n\u00e3o como o Filho o Homem mas como o Filho e Davi, que para os judeus, era uma figura bem humana, mas especialmente ungido (<em>messias<\/em>) por Deus. Mesmo se referindo a uma figura humana, o cego gritou e pediu a Jesus, miseric\u00f3rdia. Quando Jesus perguntou o que ele queria, o cego respondeu, &#8220;quero ver de novo&#8221;. Fascinante \u00e9 que ao falar isto, o cego demonstrou que j\u00e1 estava &#8220;enxergando&#8221; no sentido de reconhecer que Jesus tinha a capacidade de curar por ser o prometido de Deus. E assim, chegou a ver com os olhos f\u00edsicos tamb\u00e9m.<\/p>\n<p>Agora, quem somos n\u00f3s nesta hist\u00f3ria? Afinal, os Evangelistas relatam estes acontecimentos para que os leitores se identifiquem de alguma forma com eles. Quem somos n\u00f3s? Disc\u00edpulos ou um cego? Somos gente que j\u00e1 passou um bocado de tempo com Jesus e ainda n\u00e3o entendeu ou somos como o simples cego que n\u00e3o perdeu tempo com debates e gritou, j\u00e1 afirmando a sua f\u00e9, e pedindo o &#8220;imposs\u00edvel&#8221;?<\/p>\n<p><strong>Ora\u00e7\u00e3o<\/strong><\/p>\n<blockquote><p>Bondoso Deus. Abra os nossos olhos para enxergarmos os Teus prop\u00f3sitos e Te adorar na simplicidade do cego. Em nome de Jesus. Am\u00e9m.<\/p><\/blockquote>\n","protected":false},"excerpt":{"rendered":"<p>Semana 69: Lucas 18.31-43 &#8230;Os disc\u00edpulos n\u00e3o entenderam nada do que Jesus disse. O que essas palavras queriam dizer estava escondido deles, e eles n\u00e3o sabiam do que Jesus estava falando (v.34)&#8230; ..Senhor, eu quero ver de novo! \u2014 respondeu ele. Ent\u00e3o Jesus disse:\u2014 Veja! Voc\u00ea est\u00e1 curado porque teve f\u00e9. No mesmo instante o [&hellip;]<\/p>\n","protected":false},"author":25,"featured_media":1767,"comment_status":"open","ping_status":"open","sticky":false,"template":"","format":"standard","meta":{"ngg_post_thumbnail":0,"footnotes":""},"categories":[116,12073],"tags":[],"class_list":["post-1756","post","type-post","status-publish","format-standard","has-post-thumbnail","hentry","category-blog","category-lucas"],"_links":{"self":[{"href":"https:\/\/ultimato.com.br\/sites\/timcarriker\/wp-json\/wp\/v2\/posts\/1756","targetHints":{"allow":["GET"]}}],"collection":[{"href":"https:\/\/ultimato.com.br\/sites\/timcarriker\/wp-json\/wp\/v2\/posts"}],"about":[{"href":"https:\/\/ultimato.com.br\/sites\/timcarriker\/wp-json\/wp\/v2\/types\/post"}],"author":[{"embeddable":true,"href":"https:\/\/ultimato.com.br\/sites\/timcarriker\/wp-json\/wp\/v2\/users\/25"}],"replies":[{"embeddable":true,"href":"https:\/\/ultimato.com.br\/sites\/timcarriker\/wp-json\/wp\/v2\/comments?post=1756"}],"version-history":[{"count":8,"href":"https:\/\/ultimato.com.br\/sites\/timcarriker\/wp-json\/wp\/v2\/posts\/1756\/revisions"}],"predecessor-version":[{"id":1853,"href":"https:\/\/ultimato.com.br\/sites\/timcarriker\/wp-json\/wp\/v2\/posts\/1756\/revisions\/1853"}],"wp:featuredmedia":[{"embeddable":true,"href":"https:\/\/ultimato.com.br\/sites\/timcarriker\/wp-json\/wp\/v2\/media\/1767"}],"wp:attachment":[{"href":"https:\/\/ultimato.com.br\/sites\/timcarriker\/wp-json\/wp\/v2\/media?parent=1756"}],"wp:term":[{"taxonomy":"category","embeddable":true,"href":"https:\/\/ultimato.com.br\/sites\/timcarriker\/wp-json\/wp\/v2\/categories?post=1756"},{"taxonomy":"post_tag","embeddable":true,"href":"https:\/\/ultimato.com.br\/sites\/timcarriker\/wp-json\/wp\/v2\/tags?post=1756"}],"curies":[{"name":"wp","href":"https:\/\/api.w.org\/{rel}","templated":true}]}}