{"id":1617,"date":"2013-05-25T21:52:31","date_gmt":"2013-05-25T23:52:31","guid":{"rendered":"http:\/\/ultimato.com.br\/sites\/timcarriker\/?p=1617"},"modified":"2013-05-25T21:52:31","modified_gmt":"2013-05-25T23:52:31","slug":"o-ceu-ja-e-aqui","status":"publish","type":"post","link":"https:\/\/ultimato.com.br\/sites\/timcarriker\/2013\/05\/25\/o-ceu-ja-e-aqui\/","title":{"rendered":"O c\u00e9u j\u00e1 e aqui!"},"content":{"rendered":"<p>Semana 67: Lucas 18.15-30<\/p>\n<blockquote><p>Depois disso, algumas pessoas levaram as suas crian\u00e7as a Jesus para que ele as aben\u00e7oasse, mas os disc\u00edpulos viram isso e repreenderam aquelas pessoas.\u00a0Ent\u00e3o Jesus chamou as crian\u00e7as para perto de si e disse: \u2014 Deixem que as crian\u00e7as venham a mim e n\u00e3o pro\u00edbam que elas fa\u00e7am isso, pois o <strong>Reino de Deus<\/strong> \u00e9 das pessoas que s\u00e3o como estas crian\u00e7as.\u00a0Eu afirmo a voc\u00eas que isto \u00e9 verdade: quem n\u00e3o receber o <strong>Reino de Deus<\/strong> como uma crian\u00e7a nunca entrar\u00e1 nele. vv. 15-17<\/p>\n<p>Certo l\u00edder judeu perguntou a Jesus: \u2014 Bom Mestre, o que devo fazer para conseguir a <strong>vida eterna<\/strong>&#8230;.\u00a0Jesus respondeu: \u2014 Eu afirmo a voc\u00eas que isto \u00e9 verdade: aquele que, por causa do Reino de Deus, deixar casa, esposa, irm\u00e3os, parentes ou filhos\u00a0receber\u00e1 ainda nesta vida muito mais e, no futuro, receber\u00e1 a <strong>vida eterna<\/strong>. vv. 18, 29-30<\/p><\/blockquote>\n<p>Assim s\u00e3o duas falas de Jesus, talvez ditas em tempos diferentes, apesar de uma seguir logo a outra n\u00e3o s\u00f3 aqui como tamb\u00e9m nos Evangelhos de Mateus e Marcos. O maior sinal que s\u00e3o duas ocasi\u00f5es diferentes est\u00e1 nas audi\u00eancias diferentes que Lucas registra, na primeira, &#8220;algumas pessoas&#8221; e na segunda, &#8220;certo l\u00edder judeu&#8221;. Os dois encontros\u00a0<em>podem<\/em> ter acontecido juntos mas o mais importante que isto \u00e9 que os tr\u00eas Evangelistas que contam estes eventos p\u00f5em um logo ap\u00f3s o outro. Isto era uma maneira comum de relatar a hist\u00f3ria. A sequ\u00eancia tem\u00e1tica era mais importante que a sequ\u00eancia restritamente cronol\u00f3gica. N\u00e3o se deve se surpreender com isso, pois fazemos a mesma coisa quando relembramos com carinho algum ente querido. Por exemplo, o meu her\u00f3i de inf\u00e2ncia (e at\u00e9 hoje) era o meu av\u00f4, um pastor dedicado, simples, aventureiro e muito amoroso. Morreu em 1977, mas n\u00e3o antes de saber com muito orgulho que Deus havia me chamado para ser um mission\u00e1rio no Brasil!<!--more--><\/p>\n<p>Quando os netos e filhos lembram do v\u00f4 Nangy, a gente come\u00e7a a contar as hist\u00f3rias. Uma hist\u00f3ria puxa a outra, mas sempre com algum v\u00ednculo tem\u00e1tico: geralmente come\u00e7amos com as suas burradas, depois, as suas manias, e finalmente a sua piedade e assim vai. Voc\u00ea n\u00e3o faz o mesmo? E assim faziam os Evangelistas.<\/p>\n<p>Nos pr\u00f3ximos dias vou refletir sobre o conte\u00fado dos dois encontros acima, mas por enquanto quero chamar aten\u00e7\u00e3o para a sequ\u00eancia tem\u00e1tica entre os dois. Coloquei-a em negrito. Desta forma fica mais claro que o &#8220;reino de Deus&#8221; tem tudo a ver com a &#8220;vida eterna&#8221;. Eu ousaria a dizer que s\u00e3o at\u00e9 praticamente sin\u00f4nimos. Vejamos o significado de cada um destes termos&#8230;<\/p>\n<p>O &#8220;reino de Deus&#8221; deve ser entendido ao p\u00e9 da letra. \u00c9 o governo de Deus. \u00c9 a sua autoridade, seu dom\u00ednio e a a\u00e7\u00e3o da sua lideran\u00e7a \u00faltima sobre o nosso mundo e as nossas vidas. Algo para aqui e para agora. Veja bem, na passagem acima \u00e9 algo que n\u00f3s j\u00e1 &#8220;recebemos&#8221; (v. 17) para nos nortear agora. N\u00e3o \u00e9 algo meramente futuro. De outra sorte, a exorta\u00e7\u00e3o de Jesus nos versos 15-17 n\u00e3o faz sentido. Agora, uma observa\u00e7\u00e3o\u00a0<em>muito<\/em> importante: j\u00e1 reparou que Mateus sempre substitui a express\u00e3o &#8220;reino de Deus&#8221; por &#8220;reino do c\u00e9u&#8221;? Os estudiosos nos dizem que Mateus faz isto por uma quest\u00e3o de sensibilidade com a sua audi\u00eancia, predominantemente\u00a0<em>judia-<\/em>crist\u00e3. Os judeus, por uma quest\u00e3o de respeito, n\u00e3o pronunciavam o nome de Deus e assim Mateus preferia a express\u00e3o &#8220;reino do\u00a0<em>c\u00e9u<\/em>&#8220;. Evidentemente, e diferente da gente, Mateus entendeu que o &#8220;c\u00e9u&#8221; tamb\u00e9m n\u00e3o se referia meramente a um espa\u00e7o &#8220;al\u00e9m&#8221; do nosso ou a um tempo futuro distante. N\u00f3s pensamos no &#8220;c\u00e9u&#8221; desta maneira, mas n\u00e3o os escritores do Novo Testamento. Tanto que o autor de Apocalipse fala da consuma\u00e7\u00e3o quando um tempo quando o c\u00e9u vir\u00e1 para n\u00f3s (como a fala de Jesus sobre o reino de Deus acima) e n\u00e3o que n\u00f3s iremos para o c\u00e9u (Apocalipse 21). Est\u00e1 bem. Quem sabe voc\u00ea acha que j\u00e1 viajei longe demais! Vamos ent\u00e3o pensar na pr\u00f3xima express\u00e3o em Lucas 18, a &#8220;vida eterna&#8221;, pois acreditamos que ao colocar estas duas ideias juntas os evangelistas estavam querendo comunicar uma mesma verdade.<\/p>\n<p>A express\u00e3o &#8220;vida eterna&#8221; traduz uma express\u00e3o em grego um pouco mais dif\u00edcil. A ideia principal n\u00e3o \u00e9 de imortalidade, uma\u00a0<em>quantidade<\/em>\u00a0sem fim de vida. A ideia se refere muito mais a uma\u00a0<em>qualidade<\/em> de vida, vida abundante, ou superabundante. Veja como Jo\u00e3o define a vida eterna em Jo\u00e3o 17:3, &#8220;E a vida eterna \u00e9 esta: <em>que eles conhe\u00e7am a ti<\/em>, que \u00e9s o \u00fanico Deus verdadeiro; <em>e conhe\u00e7am tamb\u00e9m Jesus Cristo<\/em>, que enviaste ao mundo.&#8221; \u00c9 algo que podemos e devemos possuir aqui e agora. Veja 1 Jo\u00e3o 5.13: &#8220;Eu escrevo essas coisas a voc\u00eas que cr\u00eaem no Filho de Deus, para que voc\u00eas saibam que <em>t\u00eam a vida eterna<\/em>.&#8221; Vida eterna \u00e9 conhecer Deus. \u00c9 conhecer Jesus e viver com ele e debaixo da orienta\u00e7\u00e3o (reino) dele <em>j\u00e1<\/em>.<\/p>\n<p>Pronto. J\u00e1 deu para entender que Jesus est\u00e1 falando do mesmo assunto nas duas ocasi\u00f5es registrados acima e por Mateus e Marcos? Tem tudo a ver com a maneira que vivemos hoje.\u00a0E o que isto nos diz a respeito da vida <em>depois<\/em> da morte? Bem, isto \u00e9 outro assunto para outra hora. Por enquanto, repare a \u00eanfase de Jesus, reparado em todos os Evangelhos.<\/p>\n<p><strong>Ora\u00e7\u00e3o<\/strong><\/p>\n<blockquote><p>Gra\u00e7as Te damos, \u00f3 Pai, pela vida CHEIA da Tua gra\u00e7a aqui e agora. Capacite-nos pelo Teu Esp\u00edrito e viver o Teu reino em toda a nossa vida&#8230; e isto como uma crian\u00e7a confiante. Em nome de Jesus. Am\u00e9m.<\/p><\/blockquote>\n","protected":false},"excerpt":{"rendered":"<p>Semana 67: Lucas 18.15-30 Depois disso, algumas pessoas levaram as suas crian\u00e7as a Jesus para que ele as aben\u00e7oasse, mas os disc\u00edpulos viram isso e repreenderam aquelas pessoas.\u00a0Ent\u00e3o Jesus chamou as crian\u00e7as para perto de si e disse: \u2014 Deixem que as crian\u00e7as venham a mim e n\u00e3o pro\u00edbam que elas fa\u00e7am isso, pois o [&hellip;]<\/p>\n","protected":false},"author":25,"featured_media":1621,"comment_status":"open","ping_status":"open","sticky":false,"template":"","format":"standard","meta":{"ngg_post_thumbnail":0,"footnotes":""},"categories":[5447,12073],"tags":[],"class_list":["post-1617","post","type-post","status-publish","format-standard","has-post-thumbnail","hentry","category-devocional","category-lucas"],"_links":{"self":[{"href":"https:\/\/ultimato.com.br\/sites\/timcarriker\/wp-json\/wp\/v2\/posts\/1617","targetHints":{"allow":["GET"]}}],"collection":[{"href":"https:\/\/ultimato.com.br\/sites\/timcarriker\/wp-json\/wp\/v2\/posts"}],"about":[{"href":"https:\/\/ultimato.com.br\/sites\/timcarriker\/wp-json\/wp\/v2\/types\/post"}],"author":[{"embeddable":true,"href":"https:\/\/ultimato.com.br\/sites\/timcarriker\/wp-json\/wp\/v2\/users\/25"}],"replies":[{"embeddable":true,"href":"https:\/\/ultimato.com.br\/sites\/timcarriker\/wp-json\/wp\/v2\/comments?post=1617"}],"version-history":[{"count":5,"href":"https:\/\/ultimato.com.br\/sites\/timcarriker\/wp-json\/wp\/v2\/posts\/1617\/revisions"}],"predecessor-version":[{"id":1623,"href":"https:\/\/ultimato.com.br\/sites\/timcarriker\/wp-json\/wp\/v2\/posts\/1617\/revisions\/1623"}],"wp:featuredmedia":[{"embeddable":true,"href":"https:\/\/ultimato.com.br\/sites\/timcarriker\/wp-json\/wp\/v2\/media\/1621"}],"wp:attachment":[{"href":"https:\/\/ultimato.com.br\/sites\/timcarriker\/wp-json\/wp\/v2\/media?parent=1617"}],"wp:term":[{"taxonomy":"category","embeddable":true,"href":"https:\/\/ultimato.com.br\/sites\/timcarriker\/wp-json\/wp\/v2\/categories?post=1617"},{"taxonomy":"post_tag","embeddable":true,"href":"https:\/\/ultimato.com.br\/sites\/timcarriker\/wp-json\/wp\/v2\/tags?post=1617"}],"curies":[{"name":"wp","href":"https:\/\/api.w.org\/{rel}","templated":true}]}}