{"id":1576,"date":"2013-03-11T09:56:02","date_gmt":"2013-03-11T11:56:02","guid":{"rendered":"http:\/\/ultimato.com.br\/sites\/timcarriker\/?p=1576"},"modified":"2013-03-22T19:23:04","modified_gmt":"2013-03-22T21:23:04","slug":"ministerio-altruista","status":"publish","type":"post","link":"https:\/\/ultimato.com.br\/sites\/timcarriker\/2013\/03\/11\/ministerio-altruista\/","title":{"rendered":"Minist\u00e9rio altruista"},"content":{"rendered":"<p>Semana 65: Lucas 17.11-19<\/p>\n<blockquote><p>Jesus continuava viajando para Jerusal\u00e9m e passou entre as regi\u00f5es da Samaria e da Galil\u00e9ia. Quando estava entrando num povoado, dez leprosos foram se encontrar com ele. Eles pararam de longe e gritaram:<\/p>\n<p style=\"padding-left: 30px;\">\u2014 Jesus, Mestre, tenha pena de n\u00f3s!<\/p>\n<p>Jesus os viu e disse:<\/p>\n<p style=\"padding-left: 30px;\">\u2014 V\u00e3o e pe\u00e7am aos sacerdotes que examinem voc\u00eas.<\/p>\n<p>Quando iam pelo caminho, eles foram curados. E, quando um deles, que era samaritano, viu que estava curado, voltou louvando a Deus em voz alta. Ajoelhou-se aos p\u00e9s de Jesus e lhe agradeceu. Jesus disse:<\/p>\n<p style=\"padding-left: 30px;\">\u2014 Os homens que foram curados eram dez. Onde est\u00e3o os outros nove? Por que somente este estrangeiro voltou para louvar a Deus?<\/p>\n<p>E Jesus disse a ele:<\/p>\n<p style=\"padding-left: 30px;\">\u2014 Levante-se e v\u00e1. Voc\u00ea est\u00e1 curado porque teve f\u00e9.<!--more--><\/p>\n<\/blockquote>\n<p>N\u00e3o \u00e9 dif\u00edcil para a igreja entender que a\u00e7\u00f5es de miseric\u00f3rdia fazem parte do seu minist\u00e9rio. Tamb\u00e9m \u00e9 verdade que algumas igrejas evang\u00e9licas recuam deste minist\u00e9rio talvez por parecer que est\u00e3o tentando merecer a sua salva\u00e7\u00e3o. Assim, pode parecer coisa de &#8220;espiritismo&#8221; ou &#8220;catolicismo&#8221;. Mas in\u00fameras passagens, como essa acima, j\u00e1 convenceram muitos da f\u00e9, desde o surgimento do cristianismo, de que os disc\u00edpulos de Jesus devem tamb\u00e9m demonstrar a\u00e7\u00f5es de miseric\u00f3rdia. E de fato, o modelo compassivo de Jesus foi seguido e reproduzido atrav\u00e9s da hist\u00f3ria da igreja, a come\u00e7ar pelo Livro de Atos. At\u00e9 aqui, tudo bem. Se devemos ou n\u00e3o ter minist\u00e9rios de miseric\u00f3rdia n\u00e3o \u00e9 a d\u00favida. A d\u00favida \u00e9: em troca de qu\u00ea adotamos este minist\u00e9rio?<\/p>\n<p>Pois ainda nos atropelamos, achando que as nossas a\u00e7\u00f5es de miseric\u00f3rdia precisam desembocar no evangelismo. Embora o samaritano que voltou para agradecer e adorar seja o que \u00e9 almejado no relato acima, n\u00e3o foi o seu retorno que determinou de antem\u00e3o a miseric\u00f3rdia que Jesus demonstrou. Curou dez. S\u00f3 um voltou para agradecer e adorar. Talvez esta seja uma dica para n\u00f3s. Mesmo que somente 10% venha a adorar a Deus, a nossa miseric\u00f3rdia se expressa por todos, sem condi\u00e7\u00f5es. Esta \u00e9 a minha primeira observa\u00e7\u00e3o e geralmente a &#8220;moral&#8221; desta passagem. Mas h\u00e1 mais&#8230;<\/p>\n<p>Repare que o agradecido era um samaritano e que Lucas o identificou como tal logo depois de esclarecer que o contexto destas curas foi a passagem de Jesus &#8220;entre as regi\u00f5es da Samaria e da Galileia&#8221;, a caminho de Jerusal\u00e9m. As travessias pelo Mar da Galileia entre estas regi\u00f5es no Evangelho de Marcos s\u00e3o t\u00e3o marcantes que estabelecem um paradigma da teologia de Marcos (e de Jesus!) que ressalta o minist\u00e9rio de Jesus como derrubando as barreiras de minist\u00e9rio judaico entre os n\u00e3o judeus. Lucas, um escritor gentio, certamente d\u00e1 a mesma \u00eanfase (mesmo de modo diferente) a esta perspectiva encontrada em Marcos e a passagem acima corrobora.<\/p>\n<p>Ou seja, n\u00e3o somente Jesus demonstrava a\u00e7\u00f5es de miseric\u00f3rdia sem cobran\u00e7as (mas n\u00e3o sem elogios para quem vinha a adorar a Deus) como faz isto irrestritamente, a todas as pessoas.<\/p>\n<p>N\u00f3s temos tanto a aprender ainda!<\/p>\n<p><strong>Ora\u00e7\u00e3o<\/strong><\/p>\n<blockquote><p>Gra\u00e7as te damos, \u00f3 Pai, que amou e buscou pessoas t\u00e3o longe de ti quanto n\u00f3s mesmos. Move os nossos cora\u00e7\u00f5es, para nos compadecermos dos necessitados entre n\u00f3s sem condi\u00e7\u00f5es e sem acep\u00e7\u00e3o de pessoas. Em nome de Jesus. Am\u00e9m.<\/p><\/blockquote>\n<p>&nbsp;<\/p>\n","protected":false},"excerpt":{"rendered":"<p>Semana 65: Lucas 17.11-19 Jesus continuava viajando para Jerusal\u00e9m e passou entre as regi\u00f5es da Samaria e da Galil\u00e9ia. Quando estava entrando num povoado, dez leprosos foram se encontrar com ele. Eles pararam de longe e gritaram: \u2014 Jesus, Mestre, tenha pena de n\u00f3s! Jesus os viu e disse: \u2014 V\u00e3o e pe\u00e7am aos sacerdotes [&hellip;]<\/p>\n","protected":false},"author":25,"featured_media":1580,"comment_status":"open","ping_status":"open","sticky":false,"template":"","format":"standard","meta":{"ngg_post_thumbnail":0,"footnotes":""},"categories":[116,12073],"tags":[],"class_list":["post-1576","post","type-post","status-publish","format-standard","has-post-thumbnail","hentry","category-blog","category-lucas"],"_links":{"self":[{"href":"https:\/\/ultimato.com.br\/sites\/timcarriker\/wp-json\/wp\/v2\/posts\/1576","targetHints":{"allow":["GET"]}}],"collection":[{"href":"https:\/\/ultimato.com.br\/sites\/timcarriker\/wp-json\/wp\/v2\/posts"}],"about":[{"href":"https:\/\/ultimato.com.br\/sites\/timcarriker\/wp-json\/wp\/v2\/types\/post"}],"author":[{"embeddable":true,"href":"https:\/\/ultimato.com.br\/sites\/timcarriker\/wp-json\/wp\/v2\/users\/25"}],"replies":[{"embeddable":true,"href":"https:\/\/ultimato.com.br\/sites\/timcarriker\/wp-json\/wp\/v2\/comments?post=1576"}],"version-history":[{"count":9,"href":"https:\/\/ultimato.com.br\/sites\/timcarriker\/wp-json\/wp\/v2\/posts\/1576\/revisions"}],"predecessor-version":[{"id":1589,"href":"https:\/\/ultimato.com.br\/sites\/timcarriker\/wp-json\/wp\/v2\/posts\/1576\/revisions\/1589"}],"wp:featuredmedia":[{"embeddable":true,"href":"https:\/\/ultimato.com.br\/sites\/timcarriker\/wp-json\/wp\/v2\/media\/1580"}],"wp:attachment":[{"href":"https:\/\/ultimato.com.br\/sites\/timcarriker\/wp-json\/wp\/v2\/media?parent=1576"}],"wp:term":[{"taxonomy":"category","embeddable":true,"href":"https:\/\/ultimato.com.br\/sites\/timcarriker\/wp-json\/wp\/v2\/categories?post=1576"},{"taxonomy":"post_tag","embeddable":true,"href":"https:\/\/ultimato.com.br\/sites\/timcarriker\/wp-json\/wp\/v2\/tags?post=1576"}],"curies":[{"name":"wp","href":"https:\/\/api.w.org\/{rel}","templated":true}]}}