{"id":1568,"date":"2013-03-08T21:31:06","date_gmt":"2013-03-08T23:31:06","guid":{"rendered":"http:\/\/ultimato.com.br\/sites\/timcarriker\/?p=1568"},"modified":"2013-03-22T19:11:52","modified_gmt":"2013-03-22T21:11:52","slug":"humildade","status":"publish","type":"post","link":"https:\/\/ultimato.com.br\/sites\/timcarriker\/2013\/03\/08\/humildade\/","title":{"rendered":"Humildade"},"content":{"rendered":"<p>Semana 64: Lucas 17.7-10<\/p>\n<blockquote><p>Jesus disse: \u2014 Fa\u00e7am de conta que um de voc\u00eas tem um empregado que trabalha na lavoura ou cuida das ovelhas. Quando ele volta do campo, ser\u00e1 que voc\u00ea vai dizer: \u201cVenha depressa e sente-se \u00e0 mesa\u201d?\u00a0Claro que n\u00e3o! Pelo contr\u00e1rio, voc\u00ea dir\u00e1: \u201cPrepare o jantar para mim, ponha o avental e me sirva enquanto eu como e bebo. Depois voc\u00ea pode comer e beber.\u201d\u00a0Por acaso o empregado merece agradecimento porque obedeceu \u00e0s suas ordens?\u00a0Assim deve ser com voc\u00eas. Depois de fazerem tudo o que foi mandado, digam: \u201cSomos empregados que n\u00e3o valem nada porque fizemos somente o nosso dever.\u201d<\/p><\/blockquote>\n<p>Jesus ainda est\u00e1 se dirigindo aos disc\u00edpulos (v.1), ou mais especificamente os ap\u00f3stolos, isto \u00e9, a lideran\u00e7a da comunidade crist\u00e3. Parece o tipo de coisa que ele falaria para os fariseus que procuravam m\u00e9rito e louvor para os seus atos p\u00fablicos de caridade e piedade. Mas o contexto mais espec\u00edfico \u00e9 a lideran\u00e7a da comunidade e ainda como se relacionam entre si, mas aqui, mais especificamente como a comunidade se relaciona com Deus. Lembrem-se que o ditado sobre a f\u00e9 (devocional anterior) levou os disc\u00edpulos a contemplarem o seu relacionamento com Deus.<!--more--><\/p>\n<p>Aqueles que se acham merecedores de favor por Deus, muito mais se achar\u00e3o merecedores diante do seu pr\u00f3ximo. Este \u00e9 o xis da quest\u00e3o: quem somos n\u00f3s diante do meu pr\u00f3ximo ou quem sou eu diante de Deus?<\/p>\n<p>A par\u00e1bola \u00e9 clara. O servo que serve o seu patr\u00e3o nada merece quando cumpre os deveres do patr\u00e3o, mesmo quando trabalha mais ainda depois de um dia de trabalho pesado. Escravos n\u00e3o possuem reivindica\u00e7\u00f5es.<\/p>\n<p>N\u00e3o significa que Deus n\u00e3o d\u00e1 coisas boas para o seu povo fiel. A par\u00e1bola em Lucas 12.35-37 mostra que Deus trata os seus servos com gratid\u00e3o e galard\u00e3o.\u00a0O problema est\u00e1 com a atitude que procura recompensa e pensa que pode exigir isto de Deus.\u00a0E quem enxerga a sua voca\u00e7\u00e3o nesta vida como fruto da gra\u00e7a e miseric\u00f3rdia de Deus, ao inv\u00e9s de resultado do seu pr\u00f3prio merecimento e\/ou esfor\u00e7o, esta pessoa com certeza tratar\u00e1 o seu irm\u00e3o com o mesmo carinho e compaix\u00e3o.<\/p>\n<p><strong>Ora\u00e7\u00e3o<\/strong><\/p>\n<blockquote><p>A tua grandeza, Senhor, nos ajuda a compreender o nosso devido lugar. Somos servos teus. Em nome de Jesus. Am\u00e9m.<\/p><\/blockquote>\n","protected":false},"excerpt":{"rendered":"<p>Semana 64: Lucas 17.7-10 Jesus disse: \u2014 Fa\u00e7am de conta que um de voc\u00eas tem um empregado que trabalha na lavoura ou cuida das ovelhas. Quando ele volta do campo, ser\u00e1 que voc\u00ea vai dizer: \u201cVenha depressa e sente-se \u00e0 mesa\u201d?\u00a0Claro que n\u00e3o! Pelo contr\u00e1rio, voc\u00ea dir\u00e1: \u201cPrepare o jantar para mim, ponha o avental [&hellip;]<\/p>\n","protected":false},"author":25,"featured_media":1570,"comment_status":"open","ping_status":"open","sticky":false,"template":"","format":"standard","meta":{"ngg_post_thumbnail":0,"footnotes":""},"categories":[5447,12073],"tags":[],"class_list":["post-1568","post","type-post","status-publish","format-standard","has-post-thumbnail","hentry","category-devocional","category-lucas"],"_links":{"self":[{"href":"https:\/\/ultimato.com.br\/sites\/timcarriker\/wp-json\/wp\/v2\/posts\/1568","targetHints":{"allow":["GET"]}}],"collection":[{"href":"https:\/\/ultimato.com.br\/sites\/timcarriker\/wp-json\/wp\/v2\/posts"}],"about":[{"href":"https:\/\/ultimato.com.br\/sites\/timcarriker\/wp-json\/wp\/v2\/types\/post"}],"author":[{"embeddable":true,"href":"https:\/\/ultimato.com.br\/sites\/timcarriker\/wp-json\/wp\/v2\/users\/25"}],"replies":[{"embeddable":true,"href":"https:\/\/ultimato.com.br\/sites\/timcarriker\/wp-json\/wp\/v2\/comments?post=1568"}],"version-history":[{"count":4,"href":"https:\/\/ultimato.com.br\/sites\/timcarriker\/wp-json\/wp\/v2\/posts\/1568\/revisions"}],"predecessor-version":[{"id":1584,"href":"https:\/\/ultimato.com.br\/sites\/timcarriker\/wp-json\/wp\/v2\/posts\/1568\/revisions\/1584"}],"wp:featuredmedia":[{"embeddable":true,"href":"https:\/\/ultimato.com.br\/sites\/timcarriker\/wp-json\/wp\/v2\/media\/1570"}],"wp:attachment":[{"href":"https:\/\/ultimato.com.br\/sites\/timcarriker\/wp-json\/wp\/v2\/media?parent=1568"}],"wp:term":[{"taxonomy":"category","embeddable":true,"href":"https:\/\/ultimato.com.br\/sites\/timcarriker\/wp-json\/wp\/v2\/categories?post=1568"},{"taxonomy":"post_tag","embeddable":true,"href":"https:\/\/ultimato.com.br\/sites\/timcarriker\/wp-json\/wp\/v2\/tags?post=1568"}],"curies":[{"name":"wp","href":"https:\/\/api.w.org\/{rel}","templated":true}]}}