{"id":1564,"date":"2013-03-05T21:24:14","date_gmt":"2013-03-05T23:24:14","guid":{"rendered":"http:\/\/ultimato.com.br\/sites\/timcarriker\/?p=1564"},"modified":"2013-03-02T21:32:10","modified_gmt":"2013-03-02T23:32:10","slug":"fe","status":"publish","type":"post","link":"https:\/\/ultimato.com.br\/sites\/timcarriker\/2013\/03\/05\/fe\/","title":{"rendered":"F\u00e9"},"content":{"rendered":"<p>Semana 63: Lucas 17.5-6<\/p>\n<blockquote><p>Os ap\u00f3stolos pediram ao Senhor: \u2014 Aumente a nossa f\u00e9.\u00a0E ele respondeu: \u2014 Se a f\u00e9 que voc\u00eas t\u00eam fosse do tamanho de uma semente de mostarda, voc\u00eas poderiam dizer a esta figueira brava: \u201cArranque-se pelas ra\u00edzes e v\u00e1 se plantar no mar!\u201d E ela obedeceria.<\/p><\/blockquote>\n<p>\u00c9 importante entender estes vers\u00edculos como uma sequ\u00eancia da passagem anterior. Os ap\u00f3stolos (ou disc\u00edpulos, v.1) pedem o aumento da sua f\u00e9. Por que? Geralmente imaginamos para realizar grandes proezas (compare os paralelos em Marcos 11.23; Mateus 21.21; 17.20). Entretanto, os ap\u00f3stolos est\u00e3o pedindo um aumento da f\u00e9 por causa do desafio tremendo e anterior de perdoar o irm\u00e3o que o ofende.<!--more--><\/p>\n<p>O \u201caumento\u201d da f\u00e9 \u00e9 para melhorar os relacionamentos entre si! E a resposta de Jesus?&#8230;Ele deixa a entender que n\u00e3o \u00e9 precisa f\u00e9 \u201cgrande\u201d. Basta f\u00e9 do tamanho min\u00fasculo de um gr\u00e3o de mostrada. \u00c9 como se dissesse&#8230;<\/p>\n<blockquote><p>f\u00e9 grande? N\u00e3o precisas. A f\u00e9 menos impressionante basta. Porque na f\u00e9 tu olhas para si ou para Deus? Claro, \u00e9 para Deus, e Ele, sim, \u00e9 imenso no seu poder e capacidade.<\/p><\/blockquote>\n<p>E basta olhar para Deus e n\u00e3o para si e conseguir\u00e1s perdoar. O segredo do poder de perdoar est\u00e1 no foco do teu olho: \u00e9s tu ou \u00e9 Deus?<\/p>\n<p>Considere o caso de J\u00f3. Ele sofreu, ficou confuso, reclamou e at\u00e9 desafio a Deus, mas a hora que Deus se revelou e falou e J\u00f3 o enxergou, tudo, tudo, tudo mudou. J\u00f3 se humilhou e se fez do tamanho duma bact\u00e9ria grudada no p\u00e9 dum mosquito. E Deus fez algo inimagin\u00e1vel na vida de J\u00f3. Mas antes, ele precisava enxergar o seu devido lugar e tamanho.<\/p>\n<p><em id=\"__mceDel\">Grande f\u00e9? H\u00e1! Precisamos mesmo enxergar o grande Deus e simplesmente se dobrar diante dele!<\/em><\/p>\n<p><strong>Ora\u00e7\u00e3o<\/strong><\/p>\n<blockquote><p>Pai da eternidade. Tu \u00e9s maior que conseguimos imaginar. E \u00e9 em ti que encontramos a f\u00e9 para mover montanhas. Em nome de Jesus. Am\u00e9m<\/p><\/blockquote>\n","protected":false},"excerpt":{"rendered":"<p>Semana 63: Lucas 17.5-6 Os ap\u00f3stolos pediram ao Senhor: \u2014 Aumente a nossa f\u00e9.\u00a0E ele respondeu: \u2014 Se a f\u00e9 que voc\u00eas t\u00eam fosse do tamanho de uma semente de mostarda, voc\u00eas poderiam dizer a esta figueira brava: \u201cArranque-se pelas ra\u00edzes e v\u00e1 se plantar no mar!\u201d E ela obedeceria. \u00c9 importante entender estes vers\u00edculos [&hellip;]<\/p>\n","protected":false},"author":25,"featured_media":1565,"comment_status":"open","ping_status":"open","sticky":false,"template":"","format":"standard","meta":{"ngg_post_thumbnail":0,"footnotes":""},"categories":[5447,12073],"tags":[],"class_list":["post-1564","post","type-post","status-publish","format-standard","has-post-thumbnail","hentry","category-devocional","category-lucas"],"_links":{"self":[{"href":"https:\/\/ultimato.com.br\/sites\/timcarriker\/wp-json\/wp\/v2\/posts\/1564","targetHints":{"allow":["GET"]}}],"collection":[{"href":"https:\/\/ultimato.com.br\/sites\/timcarriker\/wp-json\/wp\/v2\/posts"}],"about":[{"href":"https:\/\/ultimato.com.br\/sites\/timcarriker\/wp-json\/wp\/v2\/types\/post"}],"author":[{"embeddable":true,"href":"https:\/\/ultimato.com.br\/sites\/timcarriker\/wp-json\/wp\/v2\/users\/25"}],"replies":[{"embeddable":true,"href":"https:\/\/ultimato.com.br\/sites\/timcarriker\/wp-json\/wp\/v2\/comments?post=1564"}],"version-history":[{"count":2,"href":"https:\/\/ultimato.com.br\/sites\/timcarriker\/wp-json\/wp\/v2\/posts\/1564\/revisions"}],"predecessor-version":[{"id":1573,"href":"https:\/\/ultimato.com.br\/sites\/timcarriker\/wp-json\/wp\/v2\/posts\/1564\/revisions\/1573"}],"wp:featuredmedia":[{"embeddable":true,"href":"https:\/\/ultimato.com.br\/sites\/timcarriker\/wp-json\/wp\/v2\/media\/1565"}],"wp:attachment":[{"href":"https:\/\/ultimato.com.br\/sites\/timcarriker\/wp-json\/wp\/v2\/media?parent=1564"}],"wp:term":[{"taxonomy":"category","embeddable":true,"href":"https:\/\/ultimato.com.br\/sites\/timcarriker\/wp-json\/wp\/v2\/categories?post=1564"},{"taxonomy":"post_tag","embeddable":true,"href":"https:\/\/ultimato.com.br\/sites\/timcarriker\/wp-json\/wp\/v2\/tags?post=1564"}],"curies":[{"name":"wp","href":"https:\/\/api.w.org\/{rel}","templated":true}]}}