{"id":1473,"date":"2013-01-23T12:22:24","date_gmt":"2013-01-23T14:22:24","guid":{"rendered":"http:\/\/ultimato.com.br\/sites\/timcarriker\/?p=1473"},"modified":"2013-01-21T13:30:43","modified_gmt":"2013-01-21T15:30:43","slug":"1473","status":"publish","type":"post","link":"https:\/\/ultimato.com.br\/sites\/timcarriker\/2013\/01\/23\/1473\/","title":{"rendered":"Exclus\u00e3o"},"content":{"rendered":"<p>Semana 52: Lucas 13.22-30<\/p>\n<blockquote><p>Jesus atravessava cidades e povoados, ensinando na sua viagem para Jerusal\u00e9m.\u00a0Algu\u00e9m perguntou: \u2014 Senhor, s\u00e3o poucos os que v\u00e3o ser salvos? Jesus respondeu:\u00a0\u2014 Fa\u00e7am tudo para entrar pela porta estreita. Pois eu afirmo a voc\u00eas que muitos v\u00e3o querer entrar, mas n\u00e3o poder\u00e3o.\u00a0\u2014 O dono da casa vai se levantar e fechar a porta. Ent\u00e3o voc\u00eas ficar\u00e3o do lado de fora, batendo na porta e dizendo: \u201cSenhor, nos deixe entrar!\u201d E ele responder\u00e1: \u201cN\u00e3o sei de onde s\u00e3o voc\u00eas.\u201d\u00a0A\u00ed voc\u00eas dir\u00e3o: \u201cN\u00f3s comemos e bebemos com o senhor. O senhor ensinou na nossa cidade.\u201d\u00a0Mas ele responder\u00e1: \u201cN\u00e3o sei de onde s\u00e3o voc\u00eas. Afastem-se de mim, voc\u00eas que s\u00f3 fazem o mal.\u201d\u00a0Quando voc\u00eas virem Abra\u00e3o, Isaque, Jac\u00f3 e todos os profetas no Reino de Deus e voc\u00eas estiverem do lado de fora, ent\u00e3o haver\u00e1 choro e ranger de dentes de desespero.\u00a0Muitos vir\u00e3o do Leste e do Oeste, do Norte e do Sul e v\u00e3o sentar-se \u00e0 mesa no Reino de Deus.\u00a0E os que agora s\u00e3o os \u00faltimos ser\u00e3o os primeiros, e os primeiros ser\u00e3o os \u00faltimos.<\/p><\/blockquote>\n<p>Que palavras duras! Falam do julgamento final e daqueles que ser\u00e3o inclu\u00eddos no reino de Deus e daqueles que ser\u00e3o exclu\u00eddos, S\u00e3o palavras duras tanto hoje e quanto nos dias de Jesus. Quem ser\u00e3o os inclu\u00eddos e quem ser\u00e3o os exclu\u00eddos? A passagem n\u00e3o os identifica com todas as letras, mas d\u00e1 algumas boas pistas&#8230;<!--more--><\/p>\n<p><em>Primeiro<\/em>, os inclu\u00eddos <em>parecem<\/em> ser poucos. Digo &#8220;parecem&#8221; porque esta resposta tamb\u00e9m\u00a0\u00e9 apenas sugerida. &#8220;Algu\u00e9m&#8221;, n\u00e3o sabemos quem, pergunta se &#8220;poucos&#8221; ser\u00e3o salvos. E ao inv\u00e9s de dizer sim ou n\u00e3o, Jesus responde que &#8220;muitos&#8221; v\u00e3o pensar que ser\u00e3o inclusos mas de fato n\u00e3o ser\u00e3o. D\u00e1 para entender, portanto, que os inclusos ser\u00e3o, sim, &#8220;poucos&#8221;.<\/p>\n<p>Uma outra poss\u00edvel dica da identifica\u00e7\u00e3o dos inclu\u00eddos vem da refer\u00eancia aos patriarcas (Abra\u00e3o, Isaque e Jac\u00f3) e a todos os profetas junto com a afirma\u00e7\u00e3o de que &#8220;muitos vir\u00e3o do Leste e do Oeste, do Norte e do Sul&#8221;. Porque foram os patriarcas que receberam a incumb\u00eancia de aben\u00e7oar todas as fam\u00edlias da terra (Abra\u00e3o diversas vezes, mas inicialmente em Gn 12.1-3; Isaque em Gn 26.2-4; e Jac\u00f3 em Gn 28.3, 13-14). E os profetas, entre outras coisas, tiveram a incumb\u00eancia de criticar Israel justamente por n\u00e3o cumprirem esta voca\u00e7\u00e3o mission\u00e1ria. As refer\u00eancias s\u00e3o abundantes mas s\u00e3o especialmente pertinentes s\u00e3o\u00a0aquelas que mencionam a vinda de &#8220;muitos&#8221; do Leste e do Oeste, do Norte e do Sul (Is 45.5-6; 59.19; Ml 1.11; veja tamb\u00e9m Sl 50.1; 65.8; 107.1-3). Ou seja, a inclus\u00e3o dos n\u00e3o judeus faz parte da incumb\u00eancia dos judeus desde o &#8220;in\u00edcio&#8221;. Elei\u00e7\u00e3o nunca foi uma quest\u00e3o de exclusividade, e sim, de incumb\u00eancia mission\u00e1ria. E no contexto maior da passagem acima de Lucas, Jesus est\u00e1 criticando a lideran\u00e7a religiosa que\u00a0<em>exclu\u00eda<\/em> pessoas que ela considerava marginalizadas. Por isso, Jesus conclui: &#8220;s\u00e3o os \u00faltimos ser\u00e3o os primeiros, e os primeiros ser\u00e3o os \u00faltimos&#8221;.<\/p>\n<p>Logo, j\u00e1 d\u00e1 para deduzir quem s\u00e3o os\u00a0<em>excluidos<\/em> na passagem acima. Os <em>exclu\u00eddos <\/em>s\u00e3o\u00a0justamente aqueles que\u00a0<em>excluem<\/em>, pela sua religi\u00e3o, os outros que n\u00e3o de enquadram dentro dos seus conceitos de dignos de inclus\u00e3o.<\/p>\n<p>Obviamente h\u00e1 mais que isto. Somos &#8220;inclu\u00eddos&#8221; ou &#8220;exclu\u00eddos&#8221; por outros motivos tamb\u00e9m. Mas\u00a0<em>nesta<\/em> passagem, o princ\u00edpio operante \u00e9 como incluimos ou n\u00e3o os &#8220;ultimos&#8221; na f\u00e9 e no reino de Deus.<\/p>\n<p><strong>Ora\u00e7\u00e3o<\/strong><\/p>\n<blockquote><p>Poupe-nos, Deus, do direito que imaginamos ter de excluir outras pessoas dos benef\u00edcios do Teu plano e da Tua fam\u00edlia. Em nome de Jesus. Am\u00e9m.<\/p><\/blockquote>\n","protected":false},"excerpt":{"rendered":"<p>Semana 52: Lucas 13.22-30 Jesus atravessava cidades e povoados, ensinando na sua viagem para Jerusal\u00e9m.\u00a0Algu\u00e9m perguntou: \u2014 Senhor, s\u00e3o poucos os que v\u00e3o ser salvos? Jesus respondeu:\u00a0\u2014 Fa\u00e7am tudo para entrar pela porta estreita. Pois eu afirmo a voc\u00eas que muitos v\u00e3o querer entrar, mas n\u00e3o poder\u00e3o.\u00a0\u2014 O dono da casa vai se levantar e [&hellip;]<\/p>\n","protected":false},"author":25,"featured_media":1477,"comment_status":"open","ping_status":"open","sticky":false,"template":"","format":"standard","meta":{"ngg_post_thumbnail":0,"footnotes":""},"categories":[116,5447,12073],"tags":[],"class_list":["post-1473","post","type-post","status-publish","format-standard","has-post-thumbnail","hentry","category-blog","category-devocional","category-lucas"],"_links":{"self":[{"href":"https:\/\/ultimato.com.br\/sites\/timcarriker\/wp-json\/wp\/v2\/posts\/1473","targetHints":{"allow":["GET"]}}],"collection":[{"href":"https:\/\/ultimato.com.br\/sites\/timcarriker\/wp-json\/wp\/v2\/posts"}],"about":[{"href":"https:\/\/ultimato.com.br\/sites\/timcarriker\/wp-json\/wp\/v2\/types\/post"}],"author":[{"embeddable":true,"href":"https:\/\/ultimato.com.br\/sites\/timcarriker\/wp-json\/wp\/v2\/users\/25"}],"replies":[{"embeddable":true,"href":"https:\/\/ultimato.com.br\/sites\/timcarriker\/wp-json\/wp\/v2\/comments?post=1473"}],"version-history":[{"count":5,"href":"https:\/\/ultimato.com.br\/sites\/timcarriker\/wp-json\/wp\/v2\/posts\/1473\/revisions"}],"predecessor-version":[{"id":1479,"href":"https:\/\/ultimato.com.br\/sites\/timcarriker\/wp-json\/wp\/v2\/posts\/1473\/revisions\/1479"}],"wp:featuredmedia":[{"embeddable":true,"href":"https:\/\/ultimato.com.br\/sites\/timcarriker\/wp-json\/wp\/v2\/media\/1477"}],"wp:attachment":[{"href":"https:\/\/ultimato.com.br\/sites\/timcarriker\/wp-json\/wp\/v2\/media?parent=1473"}],"wp:term":[{"taxonomy":"category","embeddable":true,"href":"https:\/\/ultimato.com.br\/sites\/timcarriker\/wp-json\/wp\/v2\/categories?post=1473"},{"taxonomy":"post_tag","embeddable":true,"href":"https:\/\/ultimato.com.br\/sites\/timcarriker\/wp-json\/wp\/v2\/tags?post=1473"}],"curies":[{"name":"wp","href":"https:\/\/api.w.org\/{rel}","templated":true}]}}