{"id":1444,"date":"2012-12-26T08:26:29","date_gmt":"2012-12-26T10:26:29","guid":{"rendered":"http:\/\/ultimato.com.br\/sites\/timcarriker\/?p=1444"},"modified":"2012-12-26T08:26:29","modified_gmt":"2012-12-26T10:26:29","slug":"prioridades","status":"publish","type":"post","link":"https:\/\/ultimato.com.br\/sites\/timcarriker\/2012\/12\/26\/prioridades\/","title":{"rendered":"Prioridades"},"content":{"rendered":"<p>Semana 48: Lucas 12.1-31<\/p>\n<blockquote><p>12.2-3 <span style=\"text-decoration: underline;\">Tudo o que est\u00e1 coberto vai ser descoberto<\/span>, e o que est\u00e1 escondido ser\u00e1 conhecido.\u00a0Assim tudo o que voc\u00eas disserem na escurid\u00e3o ser\u00e1 ouvido na luz do dia. E tudo o que disserem em segredo, dentro de um quarto fechado, ser\u00e1 anunciado abertamente.<\/p>\n<p>12.4-5, 7b Jesus continuou: \u2014 Eu afirmo a voc\u00eas, meus amigos: n\u00e3o tenham medo daqueles que matam o corpo, mas depois n\u00e3o podem fazer mais nada.\u00a0Vou mostrar a voc\u00eas de quem devem ter medo: <span style=\"text-decoration: underline;\">tenham medo de Deus<\/span>, que, depois de matar o corpo, tem poder para jogar a pessoa no inferno. Sim, repito: tenham medo de Deus&#8230;.N\u00e3o tenham medo, pois voc\u00eas valem mais do que muitos passarinhos!<\/p>\n<p>12.8-9 Jesus disse ainda: \u2014 Eu digo a voc\u00eas que, se algu\u00e9m <span style=\"text-decoration: underline;\">afirmar publicamente que \u00e9 meu<\/span>, ent\u00e3o o Filho do Homem tamb\u00e9m afirmar\u00e1, diante dos anjos de Deus, que essa pessoa \u00e9 dele.\u00a0Mas aquele que disser publicamente que n\u00e3o \u00e9 meu, o Filho do Homem tamb\u00e9m dir\u00e1 diante dos anjos de Deus que essa pessoa n\u00e3o \u00e9 dele.<\/p>\n<p>12.15 E continuou, dizendo a todos: \u2014 Prestem aten\u00e7\u00e3o! Tenham cuidado com <span style=\"text-decoration: underline;\">todo tipo de avareza<\/span> porque a verdadeira vida de uma pessoa n\u00e3o depende das coisas que ela tem, mesmo que sejam muitas.<\/p>\n<p>12.22 Ent\u00e3o Jesus disse aos seus disc\u00edpulos: \u2014 \u00c9 por isso que eu digo a voc\u00eas: <span style=\"text-decoration: underline;\">n\u00e3o se preocupem<\/span> com a comida que precisam para viver nem com a roupa que precisam para se vestir.<\/p>\n<p>12.31 Portanto, <span style=\"text-decoration: underline;\">ponham em primeiro lugar na sua vida o Reino de Deus<\/span>, e Deus lhes dar\u00e1 todas essas coisas.<\/p><\/blockquote>\n<p>Neste cap\u00edtulo, como r\u00e9plica para o tipo de espiritualidade que os fariseus e mestres da lei estavam provomendo, Jesus come\u00e7ou a delinear a sua proposta de espiritualidade. Ela n\u00e3o \u00e9 nada f\u00e1cil, mas estabelece um novo conceito de prioridades para a vida p\u00fablica e privada. S\u00f3 alguns exemplos desta proposta incluem:<!--more--><\/p>\n<ol>\n<li>Viva como se todas as suas decis\u00f5es e motiva\u00e7\u00f5es fossem p\u00fablicas porque para quem realmente importa, Deus, s\u00e3o p\u00fablicas mesmo! Assim, provavelmente muitas das suas a\u00e7\u00f5es teriam que ser repensadas. (Lucas 12.2-3)<\/li>\n<li>O seu comportamento pessoal e p\u00fablico n\u00e3o deve ser regido pela press\u00e3o social. N\u00e3o se preocupe com o que os outros pensam. Preocupam-se com a avalia\u00e7\u00e3o que o pr\u00f3prio Deus d\u00e1 para as suas a\u00e7\u00f5es. (Lucas 12.4-7)<\/li>\n<li>Se voc\u00ea almeja viver por estes valores que Jesus propunha, ent\u00e3o, assuma isto publicamente. Diga com todas as letras de onde vem as suas lealdades. Divulgue-as sem se-intimidar. (Lucas 12.8-9)<\/li>\n<li>A vida de consumismo N\u00c3O \u00c9 para voc\u00ea! N\u00e3o se iluda com os seus apelos t\u00e3o baixos. Os prazeres que o consumismo oferece s\u00e3o moment\u00e2neos e passageiros. Deleite-se em coisas n\u00e3o f\u00fatis. (Lucas 12.15)<\/li>\n<li>O outro lado da moeda \u00e9 este: Deus vai prover as coisas que voc\u00ea realmente precisa. (Lucas 12.22)<\/li>\n<li>Desde a vinda de Jesus, Deus est\u00e1 instalando o seu governo entre n\u00f3s. Como todo fermento, a sua a\u00e7\u00e3o \u00e9 lenta e <em>quase<\/em> invis\u00edvel, mas \u00e9 real. Aqui que se deve investir todos os seus esfor\u00e7os. E assim Deus cuidar\u00e1 de voc\u00ea. (Lucas 12.31)<\/li>\n<\/ol>\n<p><strong>Ora\u00e7\u00e3o<\/strong><\/p>\n<blockquote><p>Estranho, \u00f3 Pai, que muitos reconhecem a \u00e9tica de Jesus mas n\u00e3o a sua posi\u00e7\u00e3o. Talvez n\u00e3o tenham percebido o que foi a sua proposta. Capacite-nos de abra\u00e7ar corpo e alma o Seu projeto para o nosso mundo. Em nome de Jesus. Am\u00e9m.<\/p><\/blockquote>\n","protected":false},"excerpt":{"rendered":"<p>Semana 48: Lucas 12.1-31 12.2-3 Tudo o que est\u00e1 coberto vai ser descoberto, e o que est\u00e1 escondido ser\u00e1 conhecido.\u00a0Assim tudo o que voc\u00eas disserem na escurid\u00e3o ser\u00e1 ouvido na luz do dia. E tudo o que disserem em segredo, dentro de um quarto fechado, ser\u00e1 anunciado abertamente. 12.4-5, 7b Jesus continuou: \u2014 Eu afirmo [&hellip;]<\/p>\n","protected":false},"author":25,"featured_media":1448,"comment_status":"open","ping_status":"open","sticky":false,"template":"","format":"standard","meta":{"ngg_post_thumbnail":0,"footnotes":""},"categories":[5447,12073],"tags":[],"class_list":["post-1444","post","type-post","status-publish","format-standard","has-post-thumbnail","hentry","category-devocional","category-lucas"],"_links":{"self":[{"href":"https:\/\/ultimato.com.br\/sites\/timcarriker\/wp-json\/wp\/v2\/posts\/1444","targetHints":{"allow":["GET"]}}],"collection":[{"href":"https:\/\/ultimato.com.br\/sites\/timcarriker\/wp-json\/wp\/v2\/posts"}],"about":[{"href":"https:\/\/ultimato.com.br\/sites\/timcarriker\/wp-json\/wp\/v2\/types\/post"}],"author":[{"embeddable":true,"href":"https:\/\/ultimato.com.br\/sites\/timcarriker\/wp-json\/wp\/v2\/users\/25"}],"replies":[{"embeddable":true,"href":"https:\/\/ultimato.com.br\/sites\/timcarriker\/wp-json\/wp\/v2\/comments?post=1444"}],"version-history":[{"count":4,"href":"https:\/\/ultimato.com.br\/sites\/timcarriker\/wp-json\/wp\/v2\/posts\/1444\/revisions"}],"predecessor-version":[{"id":1449,"href":"https:\/\/ultimato.com.br\/sites\/timcarriker\/wp-json\/wp\/v2\/posts\/1444\/revisions\/1449"}],"wp:featuredmedia":[{"embeddable":true,"href":"https:\/\/ultimato.com.br\/sites\/timcarriker\/wp-json\/wp\/v2\/media\/1448"}],"wp:attachment":[{"href":"https:\/\/ultimato.com.br\/sites\/timcarriker\/wp-json\/wp\/v2\/media?parent=1444"}],"wp:term":[{"taxonomy":"category","embeddable":true,"href":"https:\/\/ultimato.com.br\/sites\/timcarriker\/wp-json\/wp\/v2\/categories?post=1444"},{"taxonomy":"post_tag","embeddable":true,"href":"https:\/\/ultimato.com.br\/sites\/timcarriker\/wp-json\/wp\/v2\/tags?post=1444"}],"curies":[{"name":"wp","href":"https:\/\/api.w.org\/{rel}","templated":true}]}}