{"id":1434,"date":"2012-12-23T17:09:21","date_gmt":"2012-12-23T19:09:21","guid":{"rendered":"http:\/\/ultimato.com.br\/sites\/timcarriker\/?p=1434"},"modified":"2012-12-24T09:22:08","modified_gmt":"2012-12-24T11:22:08","slug":"audicao-visao-e-maos-boas","status":"publish","type":"post","link":"https:\/\/ultimato.com.br\/sites\/timcarriker\/2012\/12\/23\/audicao-visao-e-maos-boas\/","title":{"rendered":"Audi\u00e7\u00e3o, vis\u00e3o e corpos bons"},"content":{"rendered":"<p>Semana 47: Lucas 11.28-41<\/p>\n<blockquote><p>Mas Jesus respondeu: \u2014 Mais felizes s\u00e3o aqueles que ouvem a mensagem de Deus e obedecem a ela (v.28)&#8230;.<\/p>\n<p>Os olhos s\u00e3o como uma luz para o corpo: quando os olhos de voc\u00ea s\u00e3o bons, todo o seu corpo fica cheio de luz. Por\u00e9m, se os seus olhos forem maus, o seu corpo ficar\u00e1 cheio de escurid\u00e3o. Portanto, tenha cuidado para que a luz que est\u00e1 em voc\u00ea n\u00e3o seja escurid\u00e3o.\u00a0(11.34-35)&#8230;.<\/p>\n<p>Quando Jesus acabou de falar, um fariseu o convidou para jantar na casa dele. Jesus foi e sentou-se \u00e0 mesa.\u00a0O fariseu ficou admirado quando viu que Jesus n\u00e3o tinha se lavado antes de comer.\u00a0Ent\u00e3o o Senhor disse a ele: \u2014 Voc\u00eas, fariseus, lavam o copo e o prato por fora, mas por dentro voc\u00eas est\u00e3o cheios de viol\u00eancia e de maldade.\u00a0Seus tolos! Quem fez o lado de fora n\u00e3o \u00e9 o mesmo que fez o lado de dentro?\u00a0Portanto, d\u00eaem aos pobres o que est\u00e1 dentro dos seus copos e pratos, e assim tudo ficar\u00e1 limpo para voc\u00eas. (vv.37-41)<\/p><\/blockquote>\n<p>Em boa parte do Evangelho de Lucas, Jesus trata da maneira apropriada de ouvir, ver e exercitar a verdade. Em <em>todos<\/em> os casos,\u00a0o padr\u00e3o de discernir a verdade foge do padr\u00e3o costumeiro. Os fariseus e muitos l\u00edderes religiosos n\u00e3o aceitavam isso na \u00e9poca de Jesus, e muitas pessoas n\u00e3o aceitam este padr\u00e3o at\u00e9 hoje. Parece irracional demais, um misticismo rom\u00e2ntico mas perigoso, e uma nega\u00e7\u00e3o do bom senso. \u00c9 curioso que quem me escreve com um protesto parecido (especialmente uma pessoa \u00e9 ass\u00eddua na sua critica) n\u00e3o consegue apresentar contra argumentos e sim, apenas ridiculariza a interpreta\u00e7\u00e3o apresentada.<!--more--><\/p>\n<p>Mas esta vis\u00e3o da verdade, a epistemologia de Jesus, \u00e9 radical mesmo, e desafia, sim, as bases do racionalismo moderno. Considere, por exemplo&#8230;<\/p>\n<p>Primeiro, a audi\u00e7\u00e3o&#8230; onde se viu que o importante da audi\u00e7\u00e3o seja obedecer? N\u00e3o, somos ensinados que a capacidade auditiva se mostra por meio da boa express\u00e3o, pela gram\u00e1tica correta, pela dic\u00e7\u00e3o precisa e pela l\u00f3gica das ideias.<em>\u00a0<\/em>Jesus diz, entretanto, que quem ouve bem, pelo menos a sua mensagem, \u00e9 quem sabe colocar em pr\u00e1tica. Ou est\u00e1 dizendo outra coisa?<\/p>\n<p>E a vis\u00e3o? A vis\u00e3o n\u00e3 \u00e9 simplesmente uma quest\u00e3o de enxergar com clareza? Ver o que \u00e9 sem adornos? Mas Jesus acrescenta uma dimens\u00e3o \u00e9tica \u00e0 vis\u00e3o. Claro que est\u00e1 falando metaforicamente. A vis\u00e3o n\u00e3o \u00e9 neutra. Os filhos do Iluminismo, os racionalistas, rejeitam categoricamente esta afirma\u00e7\u00e3o, mas os p\u00f3s-modernos, j\u00e1 h\u00e1 muito tempo, reconhecem que a objetividade \u00e9 ilus\u00e3o. S\u00f3 que Jesus insiste na dimens\u00e3o n\u00e3o simplesmente subjetiva, mas \u00e9tica. S\u00e3o os olhos\u00a0<em>bons<\/em> que enxergam direito, e n\u00e3o os olhos\u00a0<em>maus<\/em>. Ou seja, \u00e9 preciso a ado\u00e7\u00e3o de um sistema de valores para que a verdade seja vista e exercitada.<\/p>\n<p>E por fim, o corpo todo. Hoje, gra\u00e7as a Deus, h\u00e1 uma conscientiza\u00e7\u00e3o maior a respeito do cuidado do corpo. A obesidade e a pregui\u00e7a se tornaram alvos da cr\u00edtica publica, e com raz\u00e3o. Queremos sa\u00fade fi&#8217;sica interna e externa. E queremos sa\u00fade emocional. Essa n\u00e3o era a quest\u00e3o que Jesus estava tratando nesta passagem, mas sim, uma espiritualidade para ingl\u00eas ver. Isto \u00e9, Jesus criticava uma espiritualidade que regulamentava o menos importante, a &#8220;consagra\u00e7\u00e3o&#8221; pessoal e individual, e neglicenciava o mais importante, a justi\u00e7a social. &#8220;Adorar a Deus&#8221; virara desculpa para ignorar o nosso pr\u00f3ximo. E Jesus simplesmente, como muitos outros profetas dentro e fora das Escrituras (penso na comunidade de Qumr\u00e3 e os movimentos apocalpticistas), queria colocar as prioridades onde deveriam estar. Religi\u00e3o que n\u00e3o desemboca em transforma\u00e7\u00e3o social \u00e9 francamente nojenta. Deus \u00e9 compassivo e seus seguidores O honram ao serem o mesmo.<\/p>\n<p>J\u00e1 pensou se estes princ\u00edpios regessem a vida pessoal? J\u00e1 pensou se regessem a vida da igreja. E imagine como seria a vida p\u00fablica se houvesse a\u00e7\u00e3o e n\u00e3o mera ret\u00f3rica, \u00e9tica e n\u00e3o mera an\u00e1lise fria, compaix\u00e3o e miseric\u00f3rdia e n\u00e3o apenas cerim\u00f4nia&#8230;<\/p>\n<p><strong>Ora\u00e7\u00e3o<\/strong><\/p>\n<p>Grandioso Deus, confessamos a nossa falta de vis\u00e3o, pouca a\u00e7\u00e3o, e frieza diante das ang\u00fastias do nosso mundo. Encha-nos de Cristo Jesus para vermos, ouvirmos e agirmos como ele. No seu nome. Am\u00e9m.<\/p>\n","protected":false},"excerpt":{"rendered":"<p>Semana 47: Lucas 11.28-41 Mas Jesus respondeu: \u2014 Mais felizes s\u00e3o aqueles que ouvem a mensagem de Deus e obedecem a ela (v.28)&#8230;. Os olhos s\u00e3o como uma luz para o corpo: quando os olhos de voc\u00ea s\u00e3o bons, todo o seu corpo fica cheio de luz. Por\u00e9m, se os seus olhos forem maus, o [&hellip;]<\/p>\n","protected":false},"author":25,"featured_media":0,"comment_status":"open","ping_status":"open","sticky":false,"template":"","format":"standard","meta":{"ngg_post_thumbnail":0,"footnotes":""},"categories":[5447,12073],"tags":[],"class_list":["post-1434","post","type-post","status-publish","format-standard","hentry","category-devocional","category-lucas"],"_links":{"self":[{"href":"https:\/\/ultimato.com.br\/sites\/timcarriker\/wp-json\/wp\/v2\/posts\/1434","targetHints":{"allow":["GET"]}}],"collection":[{"href":"https:\/\/ultimato.com.br\/sites\/timcarriker\/wp-json\/wp\/v2\/posts"}],"about":[{"href":"https:\/\/ultimato.com.br\/sites\/timcarriker\/wp-json\/wp\/v2\/types\/post"}],"author":[{"embeddable":true,"href":"https:\/\/ultimato.com.br\/sites\/timcarriker\/wp-json\/wp\/v2\/users\/25"}],"replies":[{"embeddable":true,"href":"https:\/\/ultimato.com.br\/sites\/timcarriker\/wp-json\/wp\/v2\/comments?post=1434"}],"version-history":[{"count":9,"href":"https:\/\/ultimato.com.br\/sites\/timcarriker\/wp-json\/wp\/v2\/posts\/1434\/revisions"}],"predecessor-version":[{"id":1443,"href":"https:\/\/ultimato.com.br\/sites\/timcarriker\/wp-json\/wp\/v2\/posts\/1434\/revisions\/1443"}],"wp:attachment":[{"href":"https:\/\/ultimato.com.br\/sites\/timcarriker\/wp-json\/wp\/v2\/media?parent=1434"}],"wp:term":[{"taxonomy":"category","embeddable":true,"href":"https:\/\/ultimato.com.br\/sites\/timcarriker\/wp-json\/wp\/v2\/categories?post=1434"},{"taxonomy":"post_tag","embeddable":true,"href":"https:\/\/ultimato.com.br\/sites\/timcarriker\/wp-json\/wp\/v2\/tags?post=1434"}],"curies":[{"name":"wp","href":"https:\/\/api.w.org\/{rel}","templated":true}]}}