{"id":1425,"date":"2012-12-14T10:46:37","date_gmt":"2012-12-14T12:46:37","guid":{"rendered":"http:\/\/ultimato.com.br\/sites\/timcarriker\/?p=1425"},"modified":"2012-12-14T10:51:58","modified_gmt":"2012-12-14T12:51:58","slug":"1425","status":"publish","type":"post","link":"https:\/\/ultimato.com.br\/sites\/timcarriker\/2012\/12\/14\/1425\/","title":{"rendered":"Ouvindo&#8230;do cora\u00e7\u00e3o"},"content":{"rendered":"<p>Semana 46: Lucas 11.14-28<\/p>\n<blockquote><p>Jesus estava expulsando de certo homem um dem\u00f4nio que n\u00e3o o deixava falar. Quando o dem\u00f4nio saiu, o homem come\u00e7ou a falar. A multid\u00e3o ficou admirada,\u00a0mas alguns disseram: \u2014 \u00c9 Belzebu, o chefe dos dem\u00f4nios, que d\u00e1 poder a este homem para expulsar dem\u00f4nios&#8230;.\u00a0(vv. 14-15)<\/p>\n<p>Quando Jesus acabou de dizer isso, uma mulher que estava no meio da multid\u00e3o gritou para ele: \u2014 Como \u00e9 feliz a mulher que p\u00f4s o senhor no mundo e o amamentou!\u00a0Mas Jesus respondeu: \u2014 Mais felizes s\u00e3o aqueles que ouvem a mensagem de Deus e obedecem a ela. (vv. 27-28)<\/p><\/blockquote>\n<p>Seria interessante ler esta passagem inteira. Talvez se lembre do incidente. Jesus expulsa um dem\u00f4nio e muitos se admiraram disto enquanto alguns, duvidando, colocaram a proeza de ponta cabe\u00e7a acusando Jesus n\u00e3o s\u00f3 de charlat\u00e3o, mas de agente do diabo. Sup\u00f5e-se que estes s\u00e3o os mesmos que encontramos ao longo deste Evangelho: aqueles c\u00ednicos que n\u00e3o tem olhos para ver e entender, mas pelo contr\u00e1rio, se julgam entendidos e assim se colocam sempre na posi\u00e7\u00e3o de acusador. Esta vez Jesus n\u00e3o fica silencioso diante da acusa\u00e7\u00e3o e se explica virando a acusa\u00e7\u00e3o contra o acusador. Em seguida, Jesus d\u00e1 uma li\u00e7\u00e3o e um aviso a respeito da pessoa que foi liberta de dem\u00f4nios (autoridades mal\u00e9ficas) mas que n\u00e3o adotou uma outra autoridade ben\u00e9fica para reger a sua vida. Sua situa\u00e7\u00e3o piorou.<!--more--><\/p>\n<p>Curiosa \u00e9 a rea\u00e7\u00e3o de uma mulher a este ensino que Jesus acabou de dar. Muito diferente dos duvidosos, ela gritou: \u201cComo \u00e9 feliz a mulher que p\u00f4s o senhor no mundo e o amamentou!\u201d Coment\u00e1rio bem de m\u00e3e! Mas novamente Jesus n\u00e3o fica passivo diante da observa\u00e7\u00e3o e d\u00e1 certa\u00a0\u201ccensura\u201d. Coloco a palavra censura entre aspas pois pode ser entendido tamb\u00e9m, talvez at\u00e9 melhor, simplesmente como uma exorta\u00e7\u00e3o positiva:\u00a0\u201cM\u00e3e, pai, irm\u00e3os, ou seja, os mais \u00edntimos de mim s\u00e3o aqueles que n\u00e3o meramente enchem a minha bola mas consigam <em>ouvir<\/em> a mensagem de Deus e obedec\u00ea-la.\u201d<\/p>\n<p>Eis o desafio que vimos tantas vezes neste Evangelho de Lucas: <em>ouvir<\/em> a mensagem de Deus. N\u00e3o apenas\u00a0<em>analis\u00e1-la<\/em>, mesmo analisando de modo gram\u00e1tico e historicamente correto. Mas\u00a0<em>ouvir<\/em> a mensagem. Estou sugerindo que o esfor\u00e7o intelectual \u00e9 inferior ao espiritual? N\u00e3o. N\u00e3o \u00e9 isto. Apenas que a mensagem do evangelho precisa chegar ao cora\u00e7\u00e3o, mesmo passando pela cabe\u00e7a. E isto, novamente, exige disposi\u00e7\u00e3o. Faz sentido?<\/p>\n<p><strong>Ora\u00e7\u00e3o<\/strong><\/p>\n<blockquote><p>Pai santo, inclinamos os nossos ouvidos para ouvir a Sua voz, mesmo no meio de tanto ru\u00eddo. Prepare os nossos cora\u00e7\u00f5es para ouvir para que possamos nos disp\u00f4r a obedecer. Em nome de Jesus. Am\u00e9m.<\/p><\/blockquote>\n","protected":false},"excerpt":{"rendered":"<p>Semana 46: Lucas 11.14-28 Jesus estava expulsando de certo homem um dem\u00f4nio que n\u00e3o o deixava falar. Quando o dem\u00f4nio saiu, o homem come\u00e7ou a falar. A multid\u00e3o ficou admirada,\u00a0mas alguns disseram: \u2014 \u00c9 Belzebu, o chefe dos dem\u00f4nios, que d\u00e1 poder a este homem para expulsar dem\u00f4nios&#8230;.\u00a0(vv. 14-15) Quando Jesus acabou de dizer isso, [&hellip;]<\/p>\n","protected":false},"author":25,"featured_media":1428,"comment_status":"open","ping_status":"open","sticky":false,"template":"","format":"standard","meta":{"ngg_post_thumbnail":0,"footnotes":""},"categories":[5447,12073],"tags":[],"class_list":["post-1425","post","type-post","status-publish","format-standard","has-post-thumbnail","hentry","category-devocional","category-lucas"],"_links":{"self":[{"href":"https:\/\/ultimato.com.br\/sites\/timcarriker\/wp-json\/wp\/v2\/posts\/1425","targetHints":{"allow":["GET"]}}],"collection":[{"href":"https:\/\/ultimato.com.br\/sites\/timcarriker\/wp-json\/wp\/v2\/posts"}],"about":[{"href":"https:\/\/ultimato.com.br\/sites\/timcarriker\/wp-json\/wp\/v2\/types\/post"}],"author":[{"embeddable":true,"href":"https:\/\/ultimato.com.br\/sites\/timcarriker\/wp-json\/wp\/v2\/users\/25"}],"replies":[{"embeddable":true,"href":"https:\/\/ultimato.com.br\/sites\/timcarriker\/wp-json\/wp\/v2\/comments?post=1425"}],"version-history":[{"count":5,"href":"https:\/\/ultimato.com.br\/sites\/timcarriker\/wp-json\/wp\/v2\/posts\/1425\/revisions"}],"predecessor-version":[{"id":1431,"href":"https:\/\/ultimato.com.br\/sites\/timcarriker\/wp-json\/wp\/v2\/posts\/1425\/revisions\/1431"}],"wp:featuredmedia":[{"embeddable":true,"href":"https:\/\/ultimato.com.br\/sites\/timcarriker\/wp-json\/wp\/v2\/media\/1428"}],"wp:attachment":[{"href":"https:\/\/ultimato.com.br\/sites\/timcarriker\/wp-json\/wp\/v2\/media?parent=1425"}],"wp:term":[{"taxonomy":"category","embeddable":true,"href":"https:\/\/ultimato.com.br\/sites\/timcarriker\/wp-json\/wp\/v2\/categories?post=1425"},{"taxonomy":"post_tag","embeddable":true,"href":"https:\/\/ultimato.com.br\/sites\/timcarriker\/wp-json\/wp\/v2\/tags?post=1425"}],"curies":[{"name":"wp","href":"https:\/\/api.w.org\/{rel}","templated":true}]}}